{"id":4800,"date":"2018-03-27T17:15:40","date_gmt":"2018-03-27T21:15:40","guid":{"rendered":"https:\/\/thebasie.org\/?p=4800"},"modified":"2018-03-27T17:17:42","modified_gmt":"2018-03-27T21:17:42","slug":"basie-summer-opera-camp-regresa-audiciones-programadas-sabado-14-de-abril","status":"publish","type":"post","link":"https:\/\/thebasie.org\/es\/basie-summer-opera-camp-regresa-audiciones-programadas-sabado-14-de-abril\/","title":{"rendered":"Vuelve el campamento de \u00f3pera de verano de Basie; audiciones programadas para el s\u00e1bado 14 de abril"},"content":{"rendered":"<p>&nbsp;<\/p>\n<p><strong><img loading=\"lazy\" decoding=\"async\" class=\"alignleft wp-image-4801\" src=\"https:\/\/thebasie.org\/wp-content\/uploads\/2018\/03\/White-Bird-of-Poston-V1-FACEBOOK.jpg\" alt=\"\" width=\"573\" height=\"340\" \/><\/strong><\/p>\n<p><strong>(BANCO ROJO | 27 DE MARZO)\u00a0<\/strong>La Academia de Artes Esc\u00e9nicas del Teatro Count Basie se enorgullece de anunciar el regreso de su programa de campamento de \u00f3pera de verano Basie, un programa de dos semanas basado en audiciones en agosto bajo la direcci\u00f3n de Eli Villanueva de la \u00d3pera de Los \u00c1ngeles y el director musical Jasom Tramm.<\/p>\n<p><strong><span style=\"color: #993300;\">Las audiciones est\u00e1n programadas para el s\u00e1bado 14 de abril de 10 a.m. a 4 p.m. y se requieren reservaciones con anticipaci\u00f3n. Los interesados deben llamar al 732-842-9000 x 125 para reservar un cupo; Se anima a los estudiantes de 10 a 17 a\u00f1os a hacer una audici\u00f3n. <\/span><\/strong><\/p>\n<p>La presentaci\u00f3n de este a\u00f1o, <strong><em>El p\u00e1jaro blanco de Poston<\/em><\/strong>, cuenta la historia de una adolescente japonesa estacionada en un campo de internamiento en Poston, Arizona, durante la Segunda Guerra Mundial. La \u00f3pera, escrita por Villanueva, recuerda la historia de la ni\u00f1a, cuya amistad con un ni\u00f1o nativo americano les permite a cada uno redescubrir sus tradiciones culturales y su historia.<\/p>\n<p>Los estudiantes aceptados estudiar\u00e1n en Villanueva y Tramm del 13 al 25 de agosto. El intensivo de dos semanas ense\u00f1ar\u00e1 no s\u00f3lo las t\u00e9cnicas vocales, de movimiento y de actuaci\u00f3n necesarias para la historia, sino que tambi\u00e9n ofrecer\u00e1 a los estudiantes la oportunidad de explorar el significado cultural de la historia y sus personajes.<\/p>\n<p>Villanueva dirigi\u00f3 el primer campamento de \u00f3pera de verano del Basie el a\u00f1o pasado, guiando a los estudiantes a trav\u00e9s de una actuaci\u00f3n aclamada por la cr\u00edtica de <span class=\"st\"><em>Brundibar,\u00a0<\/em>la \u00f3pera de Hans Kr\u00e1sa ambientada durante la Segunda Guerra Mundial en un campo de concentraci\u00f3n en la Checoslovaquia ocupada. Como parte del programa, los estudiantes visitaron el Museo de la Herencia Jud\u00eda en la ciudad de Nueva York y tambi\u00e9n se reunieron con un sobreviviente del Holocausto del condado de Ocean. La historia de la presentaci\u00f3n del Campamento de \u00d3pera de Verano del Teatro Count Basie de <em>Brundibar<\/em> se puede ver a continuaci\u00f3n.<\/span><\/p>\n<p>&nbsp;<\/p>\n<p style=\"text-align: center;\"><iframe loading=\"lazy\" src=\"\/\/www.youtube.com\/embed\/rVtXLWUKoi8\" width=\"1080\" height=\"606\" allowfullscreen=\"allowfullscreen\"><\/iframe><\/p>\n<p>&nbsp;<\/p>\n<p>&nbsp;<\/p>","protected":false},"excerpt":{"rendered":"<p>&nbsp; (BANCO ROJO | 27 DE MARZO) La Academia de Artes Esc\u00e9nicas del Teatro Count Basie se enorgullece de anunciar el regreso de su programa de campamento de \u00d3pera de Verano Basie, un programa de dos semanas basado en audiciones en agosto bajo la direcci\u00f3n de Eli Villanueva de la \u00d3pera de Los \u00c1ngeles. y el director musical Jasom Tramm. Las audiciones est\u00e1n programadas para el s\u00e1bado 14 de abril a partir de [\u2026]<\/p>","protected":false},"author":3,"featured_media":0,"comment_status":"closed","ping_status":"closed","sticky":false,"template":"","format":"standard","meta":{"_acf_changed":false,"footnotes":""},"categories":[1],"tags":[],"class_list":["post-4800","post","type-post","status-publish","format-standard","hentry","category-uncategorized"],"acf":[],"yoast_head":"<!-- This site is optimized with the Yoast SEO Premium plugin v26.7 (Yoast SEO v26.7) - https:\/\/yoast.com\/wordpress\/plugins\/seo\/ -->\n<title>Basie Summer Opera Camp returns; auditions set for Saturday, April 14 - Count Basie Center for the Arts<\/title>\n<meta name=\"robots\" content=\"index, follow, max-snippet:-1, max-image-preview:large, max-video-preview:-1\" \/>\n<link rel=\"canonical\" href=\"https:\/\/thebasie.org\/es\/basie-summer-opera-camp-regresa-audiciones-programadas-sabado-14-de-abril\/\" \/>\n<meta property=\"og:locale\" content=\"es_MX\" \/>\n<meta property=\"og:type\" content=\"article\" \/>\n<meta property=\"og:title\" content=\"Auditions set for Basie Summer Opera Camp\" \/>\n<meta property=\"og:description\" content=\"The two-week intensive, led by Eli Villanueva of the Los Angeles Opera and musical director Jason Tramm, aims to teach both performance techniques and cultural significance\" \/>\n<meta property=\"og:url\" content=\"https:\/\/thebasie.org\/es\/basie-summer-opera-camp-regresa-audiciones-programadas-sabado-14-de-abril\/\" \/>\n<meta property=\"og:site_name\" content=\"Count Basie Center for the Arts\" \/>\n<meta property=\"article:publisher\" content=\"http:\/\/www.facebook.com\/basiecenter\" \/>\n<meta property=\"article:published_time\" content=\"2018-03-27T21:15:40+00:00\" \/>\n<meta property=\"article:modified_time\" content=\"2018-03-27T21:17:42+00:00\" \/>\n<meta property=\"og:image\" content=\"https:\/\/thebasie.org\/wp-content\/uploads\/2018\/03\/White-Bird-of-Poston-V1-FACEBOOK-1.jpg\" \/>\n\t<meta property=\"og:image:width\" content=\"1200\" \/>\n\t<meta property=\"og:image:height\" content=\"628\" \/>\n\t<meta property=\"og:image:type\" content=\"image\/jpeg\" \/>\n<meta name=\"author\" content=\"jvena\" \/>\n<meta name=\"twitter:card\" content=\"summary_large_image\" \/>\n<meta name=\"twitter:title\" content=\"Basie Summer Opera Camp returns; auditions set for Saturday, April 14\" \/>\n<meta name=\"twitter:creator\" content=\"@basiecenter\" \/>\n<meta name=\"twitter:site\" content=\"@basiecenter\" \/>\n<meta name=\"twitter:label1\" content=\"Escrito por\" \/>\n\t<meta name=\"twitter:data1\" content=\"jvena\" \/>\n\t<meta name=\"twitter:label2\" content=\"Tiempo de lectura\" \/>\n\t<meta name=\"twitter:data2\" content=\"1 minuto\" \/>\n<script type=\"application\/ld+json\" class=\"yoast-schema-graph\">{\"@context\":\"https:\/\/schema.org\",\"@graph\":[{\"@type\":\"Article\",\"@id\":\"https:\/\/thebasie.org\/basie-summer-opera-camp-returns-auditions-set-saturday-april-14\/#article\",\"isPartOf\":{\"@id\":\"https:\/\/thebasie.org\/basie-summer-opera-camp-returns-auditions-set-saturday-april-14\/\"},\"author\":{\"name\":\"jvena\",\"@id\":\"https:\/\/thebasie.org\/#\/schema\/person\/7029277d2ac1350529c2ebe4bdf7f3d6\"},\"headline\":\"Basie Summer Opera Camp returns; auditions set for Saturday, April 14\",\"datePublished\":\"2018-03-27T21:15:40+00:00\",\"dateModified\":\"2018-03-27T21:17:42+00:00\",\"mainEntityOfPage\":{\"@id\":\"https:\/\/thebasie.org\/basie-summer-opera-camp-returns-auditions-set-saturday-april-14\/\"},\"wordCount\":275,\"image\":{\"@id\":\"https:\/\/thebasie.org\/basie-summer-opera-camp-returns-auditions-set-saturday-april-14\/#primaryimage\"},\"thumbnailUrl\":\"https:\/\/thebasie.org\/wp-content\/uploads\/2018\/03\/White-Bird-of-Poston-V1-FACEBOOK.jpg\",\"articleSection\":[\"Uncategorized\"],\"inLanguage\":\"es\"},{\"@type\":\"WebPage\",\"@id\":\"https:\/\/thebasie.org\/basie-summer-opera-camp-returns-auditions-set-saturday-april-14\/\",\"url\":\"https:\/\/thebasie.org\/basie-summer-opera-camp-returns-auditions-set-saturday-april-14\/\",\"name\":\"Basie Summer Opera Camp returns; auditions set for Saturday, April 14 - Count Basie Center for the Arts\",\"isPartOf\":{\"@id\":\"https:\/\/thebasie.org\/#website\"},\"primaryImageOfPage\":{\"@id\":\"https:\/\/thebasie.org\/basie-summer-opera-camp-returns-auditions-set-saturday-april-14\/#primaryimage\"},\"image\":{\"@id\":\"https:\/\/thebasie.org\/basie-summer-opera-camp-returns-auditions-set-saturday-april-14\/#primaryimage\"},\"thumbnailUrl\":\"https:\/\/thebasie.org\/wp-content\/uploads\/2018\/03\/White-Bird-of-Poston-V1-FACEBOOK.jpg\",\"datePublished\":\"2018-03-27T21:15:40+00:00\",\"dateModified\":\"2018-03-27T21:17:42+00:00\",\"author\":{\"@id\":\"https:\/\/thebasie.org\/#\/schema\/person\/7029277d2ac1350529c2ebe4bdf7f3d6\"},\"breadcrumb\":{\"@id\":\"https:\/\/thebasie.org\/basie-summer-opera-camp-returns-auditions-set-saturday-april-14\/#breadcrumb\"},\"inLanguage\":\"es\",\"potentialAction\":[{\"@type\":\"ReadAction\",\"target\":[\"https:\/\/thebasie.org\/basie-summer-opera-camp-returns-auditions-set-saturday-april-14\/\"]}]},{\"@type\":\"ImageObject\",\"inLanguage\":\"es\",\"@id\":\"https:\/\/thebasie.org\/basie-summer-opera-camp-returns-auditions-set-saturday-april-14\/#primaryimage\",\"url\":\"https:\/\/thebasie.org\/wp-content\/uploads\/2018\/03\/White-Bird-of-Poston-V1-FACEBOOK.jpg\",\"contentUrl\":\"https:\/\/thebasie.org\/wp-content\/uploads\/2018\/03\/White-Bird-of-Poston-V1-FACEBOOK.jpg\"},{\"@type\":\"BreadcrumbList\",\"@id\":\"https:\/\/thebasie.org\/basie-summer-opera-camp-returns-auditions-set-saturday-april-14\/#breadcrumb\",\"itemListElement\":[{\"@type\":\"ListItem\",\"position\":1,\"name\":\"Home\",\"item\":\"https:\/\/thebasie.org\/\"},{\"@type\":\"ListItem\",\"position\":2,\"name\":\"Basie Summer Opera Camp returns; auditions set for Saturday, April 14\"}]},{\"@type\":\"WebSite\",\"@id\":\"https:\/\/thebasie.org\/#website\",\"url\":\"https:\/\/thebasie.org\/\",\"name\":\"Count Basie Center for the Arts\",\"description\":\"Count Basie Center for the Arts\",\"potentialAction\":[{\"@type\":\"SearchAction\",\"target\":{\"@type\":\"EntryPoint\",\"urlTemplate\":\"https:\/\/thebasie.org\/?s={search_term_string}\"},\"query-input\":{\"@type\":\"PropertyValueSpecification\",\"valueRequired\":true,\"valueName\":\"search_term_string\"}}],\"inLanguage\":\"es\"},{\"@type\":\"Person\",\"@id\":\"https:\/\/thebasie.org\/#\/schema\/person\/7029277d2ac1350529c2ebe4bdf7f3d6\",\"name\":\"jvena\",\"image\":{\"@type\":\"ImageObject\",\"inLanguage\":\"es\",\"@id\":\"https:\/\/thebasie.org\/#\/schema\/person\/image\/\",\"url\":\"https:\/\/secure.gravatar.com\/avatar\/f61e47bb1d86722cf651dfed84f9861f410f97239667c088850bd202d7767b29?s=96&d=mm&r=g\",\"contentUrl\":\"https:\/\/secure.gravatar.com\/avatar\/f61e47bb1d86722cf651dfed84f9861f410f97239667c088850bd202d7767b29?s=96&d=mm&r=g\",\"caption\":\"jvena\"},\"url\":\"https:\/\/thebasie.org\/es\/author\/jvena\/\"}]}<\/script>\n<!-- \/ Yoast SEO Premium plugin. -->","yoast_head_json":{"title":"Vuelve el campamento de \u00f3pera de verano de Basie; audiciones programadas para el s\u00e1bado 14 de abril - Count Basie Center for the Arts","robots":{"index":"index","follow":"follow","max-snippet":"max-snippet:-1","max-image-preview":"max-image-preview:large","max-video-preview":"max-video-preview:-1"},"canonical":"https:\/\/thebasie.org\/es\/basie-summer-opera-camp-regresa-audiciones-programadas-sabado-14-de-abril\/","og_locale":"es_MX","og_type":"article","og_title":"Auditions set for Basie Summer Opera Camp","og_description":"The two-week intensive, led by Eli Villanueva of the Los Angeles Opera and musical director Jason Tramm, aims to teach both performance techniques and cultural significance","og_url":"https:\/\/thebasie.org\/es\/basie-summer-opera-camp-regresa-audiciones-programadas-sabado-14-de-abril\/","og_site_name":"Count Basie Center for the Arts","article_publisher":"http:\/\/www.facebook.com\/basiecenter","article_published_time":"2018-03-27T21:15:40+00:00","article_modified_time":"2018-03-27T21:17:42+00:00","og_image":[{"width":1200,"height":628,"url":"https:\/\/thebasie.org\/wp-content\/uploads\/2018\/03\/White-Bird-of-Poston-V1-FACEBOOK-1.jpg","type":"image\/jpeg"}],"author":"jvena","twitter_card":"summary_large_image","twitter_title":"Basie Summer Opera Camp returns; auditions set for Saturday, April 14","twitter_creator":"@basiecenter","twitter_site":"@basiecenter","twitter_misc":{"Escrito por":"jvena","Tiempo de lectura":"1 minuto"},"schema":{"@context":"https:\/\/schema.org","@graph":[{"@type":"Article","@id":"https:\/\/thebasie.org\/basie-summer-opera-camp-returns-auditions-set-saturday-april-14\/#article","isPartOf":{"@id":"https:\/\/thebasie.org\/basie-summer-opera-camp-returns-auditions-set-saturday-april-14\/"},"author":{"name":"jvena","@id":"https:\/\/thebasie.org\/#\/schema\/person\/7029277d2ac1350529c2ebe4bdf7f3d6"},"headline":"Basie Summer Opera Camp returns; auditions set for Saturday, April 14","datePublished":"2018-03-27T21:15:40+00:00","dateModified":"2018-03-27T21:17:42+00:00","mainEntityOfPage":{"@id":"https:\/\/thebasie.org\/basie-summer-opera-camp-returns-auditions-set-saturday-april-14\/"},"wordCount":275,"image":{"@id":"https:\/\/thebasie.org\/basie-summer-opera-camp-returns-auditions-set-saturday-april-14\/#primaryimage"},"thumbnailUrl":"https:\/\/thebasie.org\/wp-content\/uploads\/2018\/03\/White-Bird-of-Poston-V1-FACEBOOK.jpg","articleSection":["Uncategorized"],"inLanguage":"es"},{"@type":"WebPage","@id":"https:\/\/thebasie.org\/basie-summer-opera-camp-returns-auditions-set-saturday-april-14\/","url":"https:\/\/thebasie.org\/basie-summer-opera-camp-returns-auditions-set-saturday-april-14\/","name":"Vuelve el campamento de \u00f3pera de verano de Basie; audiciones programadas para el s\u00e1bado 14 de abril - Count Basie Center for the Arts","isPartOf":{"@id":"https:\/\/thebasie.org\/#website"},"primaryImageOfPage":{"@id":"https:\/\/thebasie.org\/basie-summer-opera-camp-returns-auditions-set-saturday-april-14\/#primaryimage"},"image":{"@id":"https:\/\/thebasie.org\/basie-summer-opera-camp-returns-auditions-set-saturday-april-14\/#primaryimage"},"thumbnailUrl":"https:\/\/thebasie.org\/wp-content\/uploads\/2018\/03\/White-Bird-of-Poston-V1-FACEBOOK.jpg","datePublished":"2018-03-27T21:15:40+00:00","dateModified":"2018-03-27T21:17:42+00:00","author":{"@id":"https:\/\/thebasie.org\/#\/schema\/person\/7029277d2ac1350529c2ebe4bdf7f3d6"},"breadcrumb":{"@id":"https:\/\/thebasie.org\/basie-summer-opera-camp-returns-auditions-set-saturday-april-14\/#breadcrumb"},"inLanguage":"es","potentialAction":[{"@type":"ReadAction","target":["https:\/\/thebasie.org\/basie-summer-opera-camp-returns-auditions-set-saturday-april-14\/"]}]},{"@type":"ImageObject","inLanguage":"es","@id":"https:\/\/thebasie.org\/basie-summer-opera-camp-returns-auditions-set-saturday-april-14\/#primaryimage","url":"https:\/\/thebasie.org\/wp-content\/uploads\/2018\/03\/White-Bird-of-Poston-V1-FACEBOOK.jpg","contentUrl":"https:\/\/thebasie.org\/wp-content\/uploads\/2018\/03\/White-Bird-of-Poston-V1-FACEBOOK.jpg"},{"@type":"BreadcrumbList","@id":"https:\/\/thebasie.org\/basie-summer-opera-camp-returns-auditions-set-saturday-april-14\/#breadcrumb","itemListElement":[{"@type":"ListItem","position":1,"name":"Home","item":"https:\/\/thebasie.org\/"},{"@type":"ListItem","position":2,"name":"Basie Summer Opera Camp returns; auditions set for Saturday, April 14"}]},{"@type":"WebSite","@id":"https:\/\/thebasie.org\/#website","url":"https:\/\/thebasie.org\/","name":"Count Basie Center for the Arts","description":"Count Basie Center for the Arts","potentialAction":[{"@type":"SearchAction","target":{"@type":"EntryPoint","urlTemplate":"https:\/\/thebasie.org\/?s={search_term_string}"},"query-input":{"@type":"PropertyValueSpecification","valueRequired":true,"valueName":"search_term_string"}}],"inLanguage":"es"},{"@type":"Person","@id":"https:\/\/thebasie.org\/#\/schema\/person\/7029277d2ac1350529c2ebe4bdf7f3d6","name":"jvena","image":{"@type":"ImageObject","inLanguage":"es","@id":"https:\/\/thebasie.org\/#\/schema\/person\/image\/","url":"https:\/\/secure.gravatar.com\/avatar\/f61e47bb1d86722cf651dfed84f9861f410f97239667c088850bd202d7767b29?s=96&d=mm&r=g","contentUrl":"https:\/\/secure.gravatar.com\/avatar\/f61e47bb1d86722cf651dfed84f9861f410f97239667c088850bd202d7767b29?s=96&d=mm&r=g","caption":"jvena"},"url":"https:\/\/thebasie.org\/es\/author\/jvena\/"}]}},"_links":{"self":[{"href":"https:\/\/thebasie.org\/es\/wp-json\/wp\/v2\/posts\/4800","targetHints":{"allow":["GET"]}}],"collection":[{"href":"https:\/\/thebasie.org\/es\/wp-json\/wp\/v2\/posts"}],"about":[{"href":"https:\/\/thebasie.org\/es\/wp-json\/wp\/v2\/types\/post"}],"author":[{"embeddable":true,"href":"https:\/\/thebasie.org\/es\/wp-json\/wp\/v2\/users\/3"}],"replies":[{"embeddable":true,"href":"https:\/\/thebasie.org\/es\/wp-json\/wp\/v2\/comments?post=4800"}],"version-history":[{"count":0,"href":"https:\/\/thebasie.org\/es\/wp-json\/wp\/v2\/posts\/4800\/revisions"}],"wp:attachment":[{"href":"https:\/\/thebasie.org\/es\/wp-json\/wp\/v2\/media?parent=4800"}],"wp:term":[{"taxonomy":"category","embeddable":true,"href":"https:\/\/thebasie.org\/es\/wp-json\/wp\/v2\/categories?post=4800"},{"taxonomy":"post_tag","embeddable":true,"href":"https:\/\/thebasie.org\/es\/wp-json\/wp\/v2\/tags?post=4800"}],"curies":[{"name":"Gracias","href":"https:\/\/api.w.org\/{rel}","templated":true}]}}