{"id":4294,"date":"2018-02-20T12:22:06","date_gmt":"2018-02-20T17:22:06","guid":{"rendered":"https:\/\/thebasie.org\/?p=4294"},"modified":"2018-02-20T12:22:06","modified_gmt":"2018-02-20T17:22:06","slug":"citi-presenta-little-stevens-underground-garage-basie-monkees-presente-mike-nesmith-micky-dolenz-show","status":"publish","type":"post","link":"https:\/\/thebasie.org\/es\/citi-presenta-little-stevens-underground-garage-basie-monkees-presente-mike-nesmith-micky-dolenz-show\/","title":{"rendered":"Citi presenta el garaje subterr\u00e1neo del peque\u00f1o Steven en el Basie \u2013 The Monkees presentan: The Mike Nesmith &amp; Micky Dolenz Show"},"content":{"rendered":"<p>&nbsp;<\/p>\n<p><strong>(RED BANK, Nueva Jersey | 20 DE FEBRERO)<\/strong> \u2013 El Citi-presentado <strong>El garaje subterr\u00e1neo del peque\u00f1o Steven en el Basie<\/strong> \u00a1est\u00e1 de vuelta!<\/p>\n<p><strong>Michael Nesmith<\/strong> y <strong>Micky Dolenz<\/strong> de <strong>los monos<\/strong> visitar\u00e1 el Teatro Count Basie el 25 de junio<sup>el<\/sup> para su primera gira nacional como d\u00fao, con <strong>Banda callejera electr\u00f3nica<\/strong> guitarrista, <strong>Sal\u00f3n de la fama del rock &amp; roll<\/strong> y <strong>Disc\u00edpulos del alma<\/strong> l\u00edder <strong>Steven Van Zandt<\/strong> a bordo como anfitri\u00f3n.<\/p>\n<p>facturado como <strong>&quot;Los Monkees presentes: El show de Mike y Micky&quot;<\/strong> La actuaci\u00f3n incluir\u00e1 canciones que abarcan toda la carrera del grupo, desde su debut hom\u00f3nimo en 1966 hasta el de 2016. <em>Buenos tiempos<\/em>. Los espect\u00e1culos destacar\u00e1n muchas de las composiciones de Nesmith, incluidas algunas que nunca se han interpretado en vivo. La gira tambi\u00e9n incluye dos shows en Canad\u00e1, que representan los primeros conciertos de \u201cMonkees\u201d de Nesmith desde que la banda toc\u00f3 all\u00ed en 1969.<\/p>\n<p><img loading=\"lazy\" decoding=\"async\" class=\"wp-image-4278 alignright\" src=\"https:\/\/thebasie.org\/wp-content\/uploads\/2018\/02\/2018-06-25-Monkees-EVENT.jpg\" alt=\"\" width=\"692\" height=\"362\" srcset=\"https:\/\/thebasie.org\/wp-content\/uploads\/2018\/02\/2018-06-25-Monkees-EVENT.jpg 1200w, https:\/\/thebasie.org\/wp-content\/uploads\/2018\/02\/2018-06-25-Monkees-EVENT-300x157.jpg 300w, https:\/\/thebasie.org\/wp-content\/uploads\/2018\/02\/2018-06-25-Monkees-EVENT-768x402.jpg 768w, https:\/\/thebasie.org\/wp-content\/uploads\/2018\/02\/2018-06-25-Monkees-EVENT-1024x536.jpg 1024w\" sizes=\"auto, (max-width: 692px) 100vw, 692px\" \/>Entradas y paquetes VIP, con precios entre $40 y $350, <a href=\"https:\/\/thebasie.org\/es\/eventos-8-2\/the-monkees\/\">salir a la venta<\/a> este viernes 23 de febrero a las 10 a. m. hasta <a href=\"https:\/\/thebasie.org\/es\/eventos-8-2\/the-monkees\/\">laBASIE.org<\/a>, 732-842-9000 y en la taquilla de Basie, ubicada en 99 Monmouth Street, Red Bank. Los paquetes VIP incluyen acceso a la prueba de sonido, una copia firmada y encuadernada del libro de la gira, entrada anticipada al espect\u00e1culo y un laminado VIP conmemorativo.<\/p>\n<p><a href=\"https:\/\/thebasie.org\/es\/eventos-8-2\/the-monkees\/\">Oportunidades de preventa para tarjetahabientes Citi<\/a> y los miembros de Count Basie Theatre ya est\u00e1n disponibles.<\/p>\n<p><strong>Citi presenta el garaje subterr\u00e1neo del peque\u00f1o Steven en The Basie<\/strong> es una serie de conciertos p\u00fablicos y privados en el teatro sin fines de lucro curados por Steven y Maureen Van Zandt, con la misi\u00f3n de ofrecer rock and roll tanto cl\u00e1sico como nuevo a los fan\u00e1ticos devotos. La serie de actuaciones apoya la campa\u00f1a de capital y el plan de expansi\u00f3n de $23 millones del teatro sin fines de lucro, que comenz\u00f3 a construirse el oto\u00f1o pasado.<\/p>\n<p>&quot;Me encanta estar en el escenario con Micky&quot;, dice Nesmith. \u201cHemos estado colaborando durante m\u00e1s de 50 a\u00f1os, por lo que es dif\u00edcil creer que nunca hemos sido solo nosotros dos. Tambi\u00e9n estoy emocionado de desempolvar algunas canciones que no he tocado en mucho tiempo. Estos ser\u00e1n algunos espect\u00e1culos divertidos\u201d.<\/p>\n<p>\u201cDesde el principio, admir\u00e9 las canciones de Mike. Al principio, cuando nos reun\u00edamos alrededor de la fogata para cantar, siempre cant\u00e1bamos sus canciones\u201d, dice Dolenz. \u201cSiempre tuvimos una gran combinaci\u00f3n vocal; \u00e9l fue quien me anim\u00f3 a escribir mis propias canciones. Siempre he sido un gran admirador y ahora finalmente podemos hacer el show de Mike &amp; Micky que hicimos cuando est\u00e1bamos filmando The Monkees\u201d.<\/p>\n<p>El Monkee original Peter Tork no participar\u00e1 en la gira. En cambio, se est\u00e1 centrando en <em>Relaja tu mente, <\/em>un nuevo \u00e1lbum de Peter Tork y Shoe Suede Blues que rinde homenaje a la m\u00fasica de Lead Belly. El \u00e1lbum ya est\u00e1 disponible a trav\u00e9s de CD Baby y Bandcamp.<\/p>\n<p>\u201cThe Monkees Present: The Mike &amp; Micky Show\u201d es el \u00faltimo cap\u00edtulo de Monkee-mania, una saga que comenz\u00f3 en 1965 cuando cuatro j\u00f3venes fueron elegidos para un programa de televisi\u00f3n sobre una banda de rock en apuros que se inspir\u00f3 en los Beatles. <em>La noche de un d\u00eda duro.<\/em> Pocos podr\u00edan haber predicho el impacto que los Monkees tendr\u00edan en la m\u00fasica y la cultura pop en general, un impacto que a\u00fan resuena m\u00e1s de 50 a\u00f1os despu\u00e9s.<\/p>\n<p>Formado en Los \u00c1ngeles para la serie de televisi\u00f3n del mismo nombre, el cuarteto formado por Dolenz, Nesmith, Tork y el fallecido Davy Jones aport\u00f3 una mezcla singular de pop, rock, psicodelia, Broadway y country a su m\u00fasica. El primer sencillo de los Monkees, &quot;Last Train to Clarksville&quot;, fue lanzado en 1966 y r\u00e1pidamente se dirigi\u00f3 al primer puesto de las listas de Billboard, donde finalmente se mantendr\u00eda durante 13 de las 78 semanas que permaneci\u00f3 en el Top 200. (Dos d\u00e9cadas m\u00e1s tarde, en medio de un nuevo estallido de Monkee-man\u00eda, <em>los monos<\/em> volvi\u00f3 a aparecer en las listas, lo que eleva el n\u00famero total de semanas a 102).<\/p>\n<p>Cuando la serie emiti\u00f3 su \u00faltimo episodio nuevo el 25 de marzo de 1968, los Monkees hab\u00edan visto tres \u00e1lbumes m\u00e1s encabezar las listas: <em>M\u00e1s de los monos<\/em>, <em>Sede<\/em>, y <em>Piscis, Acuario, Capricornio y Jones, Ltd.<\/em> Todos fueron lanzados en 1967, sorprendentemente, acumulando varios sencillos m\u00e1s exitosos, con &quot;I&#039;m A Believer&quot;, &quot;(I&#039;m Not Your) Steppin&#039; Stone&quot;, &quot;A Little Bit Me, A Little Bit You&quot; \u201cThe Girl I Knew Somewhere\u201d, \u201cPleasant Valley Sunday\u201d, \u201cWords\u201d, \u201cDaydream Believer\u201d, \u201cValleri\u201d y \u201cTapioca Tundra\u201d encuentran su camino hacia el Top 40 de Billboard. La cuenta final: 16 millones de \u00e1lbumes y 7,5 millones de sencillos vendidos en apenas dos a\u00f1os y medio.<\/p>\n<p>Despu\u00e9s de las dos temporadas de la serie, el grupo protagoniz\u00f3 la pel\u00edcula de culto. <em>Cabeza<\/em> (coescrito por Jack Nicholson) y un especial de televisi\u00f3n (<em>33 1\/3 revoluciones por Monkee<\/em>) mientras contin\u00faa grabando material nuevo. Pero cuando los a\u00f1os 60 dieron paso a los a\u00f1os 70, los miembros de los Monkees finalmente cedieron a sus intereses musicales individuales y tomaron caminos separados. . . por un momento.<\/p>\n<p>En febrero de 1986, despu\u00e9s de que MTV transmitiera un marat\u00f3n de \u201cThe Monkees\u201d, Dolenz, Jones y Tork se reunieron para una gira del vig\u00e9simo aniversario, y Nesmith se uni\u00f3 a ellos en el escenario para la fecha de la gira en Los \u00c1ngeles. En 1996, los cuatro miembros del grupo se reunieron para un nuevo \u00e1lbum (<em>Solo nosotros<\/em>) y especial de televisi\u00f3n (\u201cHey, Hey, son los Monkees\u201d).<\/p>\n<p>A ra\u00edz de la muerte de Jones el 12 de febrero de 2012, los miembros supervivientes de los Monkees se reunieron y realizaron una serie de conciertos. Los espect\u00e1culos fueron recibidos tan triunfalmente que Dolenz, Nesmith y Tork regresaron el verano siguiente para una gira denominada &quot;A Midsummer&#039;s Night With the Monkees&quot;.<\/p>\n<p>Para celebrar los 50 a\u00f1os de los Monkees<sup>el<\/sup> aniversario en 2016, los miembros supervivientes de la banda grabaron el \u00e1lbum aclamado por la cr\u00edtica. <em>Buenos tiempos<\/em>. Al igual que los primeros \u00e1lbumes de los Monkees, inclu\u00eda temas escritos para la banda por un grupo de talentosos compositores, incluidos Ben Gibbard (Death Cab for Cutie), Rivers Cuomo (Weezer), Andy Partridge (XTC) y m\u00e1s. Para promocionar el \u00e1lbum, Dolenz y Tork lanzaron una exitosa gira en la que Nesmith transmiti\u00f3 de forma remota a trav\u00e9s de Skype algunas canciones durante algunos de los shows.<\/p>","protected":false},"excerpt":{"rendered":"<p>&nbsp; (RED BANK, Nueva Jersey | 20 de febrero) \u2013 \u00a1El Little Steven&#039;s Underground Garage en Basie, presentado por Citi, est\u00e1 de regreso! Michael Nesmith y Micky Dolenz de The Monkees visitar\u00e1n el Count Basie Theatre el 25 de junio para su primera gira nacional como d\u00fao, con el guitarrista de E-Street Band, miembro del Sal\u00f3n de la Fama del Rock &amp; Roll y Disciples [\u2026]<\/p>","protected":false},"author":3,"featured_media":0,"comment_status":"closed","ping_status":"closed","sticky":false,"template":"","format":"standard","meta":{"_acf_changed":false,"footnotes":""},"categories":[1],"tags":[],"class_list":["post-4294","post","type-post","status-publish","format-standard","hentry","category-uncategorized"],"acf":[],"yoast_head":"<!-- This site is optimized with the Yoast SEO Premium plugin v26.7 (Yoast SEO v26.7) - https:\/\/yoast.com\/wordpress\/plugins\/seo\/ -->\n<title>Citi Presents Little Steven&#039;s Underground Garage at the Basie - The Monkees Present: The Mike Nesmith &amp; Micky Dolenz Show - Count Basie Center for the Arts<\/title>\n<meta name=\"robots\" content=\"index, follow, max-snippet:-1, max-image-preview:large, max-video-preview:-1\" \/>\n<link rel=\"canonical\" href=\"https:\/\/thebasie.org\/es\/citi-presenta-little-stevens-underground-garage-basie-monkees-presente-mike-nesmith-micky-dolenz-show\/\" \/>\n<meta property=\"og:locale\" content=\"es_MX\" \/>\n<meta property=\"og:type\" content=\"article\" \/>\n<meta property=\"og:title\" content=\"Citi Presents Little Steven&#039;s Underground Garage at the Basie - The Monkees Present: The Mike Nesmith &amp; Micky Dolenz Show\" \/>\n<meta property=\"og:description\" content=\"&nbsp; (RED BANK, NJ | FEB. 20) \u2013 The Citi-presented Little Steven\u2019s Underground Garage at the Basie is back! Michael Nesmith and Micky Dolenz of The Monkees will visit the Count Basie Theatre June 25th for their first-ever national tour as a duo, with E-Street Band guitarist, Rock &amp; Roll Hall Of Famer and Disciples [&hellip;]\" \/>\n<meta property=\"og:url\" content=\"https:\/\/thebasie.org\/es\/citi-presenta-little-stevens-underground-garage-basie-monkees-presente-mike-nesmith-micky-dolenz-show\/\" \/>\n<meta property=\"og:site_name\" content=\"Count Basie Center for the Arts\" \/>\n<meta property=\"article:publisher\" content=\"http:\/\/www.facebook.com\/basiecenter\" \/>\n<meta property=\"article:published_time\" content=\"2018-02-20T17:22:06+00:00\" \/>\n<meta property=\"og:image\" content=\"https:\/\/thebasie.org\/wp-content\/uploads\/2018\/02\/2018-06-25-Monkees-EVENT.jpg\" \/>\n<meta name=\"author\" content=\"jvena\" \/>\n<meta name=\"twitter:card\" content=\"summary_large_image\" \/>\n<meta name=\"twitter:creator\" content=\"@basiecenter\" \/>\n<meta name=\"twitter:site\" content=\"@basiecenter\" \/>\n<meta name=\"twitter:label1\" content=\"Escrito por\" \/>\n\t<meta name=\"twitter:data1\" content=\"jvena\" \/>\n\t<meta name=\"twitter:label2\" content=\"Tiempo de lectura\" \/>\n\t<meta name=\"twitter:data2\" content=\"5 minutos\" \/>\n<script type=\"application\/ld+json\" class=\"yoast-schema-graph\">{\"@context\":\"https:\/\/schema.org\",\"@graph\":[{\"@type\":\"Article\",\"@id\":\"https:\/\/thebasie.org\/citi-presents-little-stevens-underground-garage-basie-monkees-present-mike-nesmith-micky-dolenz-show\/#article\",\"isPartOf\":{\"@id\":\"https:\/\/thebasie.org\/citi-presents-little-stevens-underground-garage-basie-monkees-present-mike-nesmith-micky-dolenz-show\/\"},\"author\":{\"name\":\"jvena\",\"@id\":\"https:\/\/thebasie.org\/#\/schema\/person\/7029277d2ac1350529c2ebe4bdf7f3d6\"},\"headline\":\"Citi Presents Little Steven&#8217;s Underground Garage at the Basie &#8211; The Monkees Present: The Mike Nesmith &#038; Micky Dolenz Show\",\"datePublished\":\"2018-02-20T17:22:06+00:00\",\"mainEntityOfPage\":{\"@id\":\"https:\/\/thebasie.org\/citi-presents-little-stevens-underground-garage-basie-monkees-present-mike-nesmith-micky-dolenz-show\/\"},\"wordCount\":985,\"image\":{\"@id\":\"https:\/\/thebasie.org\/citi-presents-little-stevens-underground-garage-basie-monkees-present-mike-nesmith-micky-dolenz-show\/#primaryimage\"},\"thumbnailUrl\":\"https:\/\/thebasie.org\/wp-content\/uploads\/2018\/02\/2018-06-25-Monkees-EVENT.jpg\",\"articleSection\":[\"Uncategorized\"],\"inLanguage\":\"es\"},{\"@type\":\"WebPage\",\"@id\":\"https:\/\/thebasie.org\/citi-presents-little-stevens-underground-garage-basie-monkees-present-mike-nesmith-micky-dolenz-show\/\",\"url\":\"https:\/\/thebasie.org\/citi-presents-little-stevens-underground-garage-basie-monkees-present-mike-nesmith-micky-dolenz-show\/\",\"name\":\"Citi Presents Little Steven's Underground Garage at the Basie - The Monkees Present: The Mike Nesmith & Micky Dolenz Show - Count Basie Center for the Arts\",\"isPartOf\":{\"@id\":\"https:\/\/thebasie.org\/#website\"},\"primaryImageOfPage\":{\"@id\":\"https:\/\/thebasie.org\/citi-presents-little-stevens-underground-garage-basie-monkees-present-mike-nesmith-micky-dolenz-show\/#primaryimage\"},\"image\":{\"@id\":\"https:\/\/thebasie.org\/citi-presents-little-stevens-underground-garage-basie-monkees-present-mike-nesmith-micky-dolenz-show\/#primaryimage\"},\"thumbnailUrl\":\"https:\/\/thebasie.org\/wp-content\/uploads\/2018\/02\/2018-06-25-Monkees-EVENT.jpg\",\"datePublished\":\"2018-02-20T17:22:06+00:00\",\"author\":{\"@id\":\"https:\/\/thebasie.org\/#\/schema\/person\/7029277d2ac1350529c2ebe4bdf7f3d6\"},\"breadcrumb\":{\"@id\":\"https:\/\/thebasie.org\/citi-presents-little-stevens-underground-garage-basie-monkees-present-mike-nesmith-micky-dolenz-show\/#breadcrumb\"},\"inLanguage\":\"es\",\"potentialAction\":[{\"@type\":\"ReadAction\",\"target\":[\"https:\/\/thebasie.org\/citi-presents-little-stevens-underground-garage-basie-monkees-present-mike-nesmith-micky-dolenz-show\/\"]}]},{\"@type\":\"ImageObject\",\"inLanguage\":\"es\",\"@id\":\"https:\/\/thebasie.org\/citi-presents-little-stevens-underground-garage-basie-monkees-present-mike-nesmith-micky-dolenz-show\/#primaryimage\",\"url\":\"https:\/\/thebasie.org\/wp-content\/uploads\/2018\/02\/2018-06-25-Monkees-EVENT.jpg\",\"contentUrl\":\"https:\/\/thebasie.org\/wp-content\/uploads\/2018\/02\/2018-06-25-Monkees-EVENT.jpg\"},{\"@type\":\"BreadcrumbList\",\"@id\":\"https:\/\/thebasie.org\/citi-presents-little-stevens-underground-garage-basie-monkees-present-mike-nesmith-micky-dolenz-show\/#breadcrumb\",\"itemListElement\":[{\"@type\":\"ListItem\",\"position\":1,\"name\":\"Home\",\"item\":\"https:\/\/thebasie.org\/\"},{\"@type\":\"ListItem\",\"position\":2,\"name\":\"Citi Presents Little Steven&#8217;s Underground Garage at the Basie &#8211; The Monkees Present: The Mike Nesmith &#038; Micky Dolenz Show\"}]},{\"@type\":\"WebSite\",\"@id\":\"https:\/\/thebasie.org\/#website\",\"url\":\"https:\/\/thebasie.org\/\",\"name\":\"Count Basie Center for the Arts\",\"description\":\"Count Basie Center for the Arts\",\"potentialAction\":[{\"@type\":\"SearchAction\",\"target\":{\"@type\":\"EntryPoint\",\"urlTemplate\":\"https:\/\/thebasie.org\/?s={search_term_string}\"},\"query-input\":{\"@type\":\"PropertyValueSpecification\",\"valueRequired\":true,\"valueName\":\"search_term_string\"}}],\"inLanguage\":\"es\"},{\"@type\":\"Person\",\"@id\":\"https:\/\/thebasie.org\/#\/schema\/person\/7029277d2ac1350529c2ebe4bdf7f3d6\",\"name\":\"jvena\",\"image\":{\"@type\":\"ImageObject\",\"inLanguage\":\"es\",\"@id\":\"https:\/\/thebasie.org\/#\/schema\/person\/image\/\",\"url\":\"https:\/\/secure.gravatar.com\/avatar\/f61e47bb1d86722cf651dfed84f9861f410f97239667c088850bd202d7767b29?s=96&d=mm&r=g\",\"contentUrl\":\"https:\/\/secure.gravatar.com\/avatar\/f61e47bb1d86722cf651dfed84f9861f410f97239667c088850bd202d7767b29?s=96&d=mm&r=g\",\"caption\":\"jvena\"},\"url\":\"https:\/\/thebasie.org\/es\/author\/jvena\/\"}]}<\/script>\n<!-- \/ Yoast SEO Premium plugin. -->","yoast_head_json":{"title":"Citi presenta el garaje subterr\u00e1neo del peque\u00f1o Steven en el Basie - The Monkees presentan: The Mike Nesmith &amp; Micky Dolenz Show - Count Basie Center for the Arts","robots":{"index":"index","follow":"follow","max-snippet":"max-snippet:-1","max-image-preview":"max-image-preview:large","max-video-preview":"max-video-preview:-1"},"canonical":"https:\/\/thebasie.org\/es\/citi-presenta-little-stevens-underground-garage-basie-monkees-presente-mike-nesmith-micky-dolenz-show\/","og_locale":"es_MX","og_type":"article","og_title":"Citi Presents Little Steven's Underground Garage at the Basie - The Monkees Present: The Mike Nesmith & Micky Dolenz Show","og_description":"&nbsp; (RED BANK, NJ | FEB. 20) \u2013 The Citi-presented Little Steven\u2019s Underground Garage at the Basie is back! Michael Nesmith and Micky Dolenz of The Monkees will visit the Count Basie Theatre June 25th for their first-ever national tour as a duo, with E-Street Band guitarist, Rock &amp; Roll Hall Of Famer and Disciples [&hellip;]","og_url":"https:\/\/thebasie.org\/es\/citi-presenta-little-stevens-underground-garage-basie-monkees-presente-mike-nesmith-micky-dolenz-show\/","og_site_name":"Count Basie Center for the Arts","article_publisher":"http:\/\/www.facebook.com\/basiecenter","article_published_time":"2018-02-20T17:22:06+00:00","og_image":[{"url":"https:\/\/thebasie.org\/wp-content\/uploads\/2018\/02\/2018-06-25-Monkees-EVENT.jpg","type":"","width":"","height":""}],"author":"jvena","twitter_card":"summary_large_image","twitter_creator":"@basiecenter","twitter_site":"@basiecenter","twitter_misc":{"Escrito por":"jvena","Tiempo de lectura":"5 minutos"},"schema":{"@context":"https:\/\/schema.org","@graph":[{"@type":"Article","@id":"https:\/\/thebasie.org\/citi-presents-little-stevens-underground-garage-basie-monkees-present-mike-nesmith-micky-dolenz-show\/#article","isPartOf":{"@id":"https:\/\/thebasie.org\/citi-presents-little-stevens-underground-garage-basie-monkees-present-mike-nesmith-micky-dolenz-show\/"},"author":{"name":"jvena","@id":"https:\/\/thebasie.org\/#\/schema\/person\/7029277d2ac1350529c2ebe4bdf7f3d6"},"headline":"Citi Presents Little Steven&#8217;s Underground Garage at the Basie &#8211; The Monkees Present: The Mike Nesmith &#038; Micky Dolenz Show","datePublished":"2018-02-20T17:22:06+00:00","mainEntityOfPage":{"@id":"https:\/\/thebasie.org\/citi-presents-little-stevens-underground-garage-basie-monkees-present-mike-nesmith-micky-dolenz-show\/"},"wordCount":985,"image":{"@id":"https:\/\/thebasie.org\/citi-presents-little-stevens-underground-garage-basie-monkees-present-mike-nesmith-micky-dolenz-show\/#primaryimage"},"thumbnailUrl":"https:\/\/thebasie.org\/wp-content\/uploads\/2018\/02\/2018-06-25-Monkees-EVENT.jpg","articleSection":["Uncategorized"],"inLanguage":"es"},{"@type":"WebPage","@id":"https:\/\/thebasie.org\/citi-presents-little-stevens-underground-garage-basie-monkees-present-mike-nesmith-micky-dolenz-show\/","url":"https:\/\/thebasie.org\/citi-presents-little-stevens-underground-garage-basie-monkees-present-mike-nesmith-micky-dolenz-show\/","name":"Citi presenta el garaje subterr\u00e1neo del peque\u00f1o Steven en el Basie - The Monkees presentan: The Mike Nesmith &amp; Micky Dolenz Show - Count Basie Center for the Arts","isPartOf":{"@id":"https:\/\/thebasie.org\/#website"},"primaryImageOfPage":{"@id":"https:\/\/thebasie.org\/citi-presents-little-stevens-underground-garage-basie-monkees-present-mike-nesmith-micky-dolenz-show\/#primaryimage"},"image":{"@id":"https:\/\/thebasie.org\/citi-presents-little-stevens-underground-garage-basie-monkees-present-mike-nesmith-micky-dolenz-show\/#primaryimage"},"thumbnailUrl":"https:\/\/thebasie.org\/wp-content\/uploads\/2018\/02\/2018-06-25-Monkees-EVENT.jpg","datePublished":"2018-02-20T17:22:06+00:00","author":{"@id":"https:\/\/thebasie.org\/#\/schema\/person\/7029277d2ac1350529c2ebe4bdf7f3d6"},"breadcrumb":{"@id":"https:\/\/thebasie.org\/citi-presents-little-stevens-underground-garage-basie-monkees-present-mike-nesmith-micky-dolenz-show\/#breadcrumb"},"inLanguage":"es","potentialAction":[{"@type":"ReadAction","target":["https:\/\/thebasie.org\/citi-presents-little-stevens-underground-garage-basie-monkees-present-mike-nesmith-micky-dolenz-show\/"]}]},{"@type":"ImageObject","inLanguage":"es","@id":"https:\/\/thebasie.org\/citi-presents-little-stevens-underground-garage-basie-monkees-present-mike-nesmith-micky-dolenz-show\/#primaryimage","url":"https:\/\/thebasie.org\/wp-content\/uploads\/2018\/02\/2018-06-25-Monkees-EVENT.jpg","contentUrl":"https:\/\/thebasie.org\/wp-content\/uploads\/2018\/02\/2018-06-25-Monkees-EVENT.jpg"},{"@type":"BreadcrumbList","@id":"https:\/\/thebasie.org\/citi-presents-little-stevens-underground-garage-basie-monkees-present-mike-nesmith-micky-dolenz-show\/#breadcrumb","itemListElement":[{"@type":"ListItem","position":1,"name":"Home","item":"https:\/\/thebasie.org\/"},{"@type":"ListItem","position":2,"name":"Citi Presents Little Steven&#8217;s Underground Garage at the Basie &#8211; The Monkees Present: The Mike Nesmith &#038; Micky Dolenz Show"}]},{"@type":"WebSite","@id":"https:\/\/thebasie.org\/#website","url":"https:\/\/thebasie.org\/","name":"Count Basie Center for the Arts","description":"Count Basie Center for the Arts","potentialAction":[{"@type":"SearchAction","target":{"@type":"EntryPoint","urlTemplate":"https:\/\/thebasie.org\/?s={search_term_string}"},"query-input":{"@type":"PropertyValueSpecification","valueRequired":true,"valueName":"search_term_string"}}],"inLanguage":"es"},{"@type":"Person","@id":"https:\/\/thebasie.org\/#\/schema\/person\/7029277d2ac1350529c2ebe4bdf7f3d6","name":"jvena","image":{"@type":"ImageObject","inLanguage":"es","@id":"https:\/\/thebasie.org\/#\/schema\/person\/image\/","url":"https:\/\/secure.gravatar.com\/avatar\/f61e47bb1d86722cf651dfed84f9861f410f97239667c088850bd202d7767b29?s=96&d=mm&r=g","contentUrl":"https:\/\/secure.gravatar.com\/avatar\/f61e47bb1d86722cf651dfed84f9861f410f97239667c088850bd202d7767b29?s=96&d=mm&r=g","caption":"jvena"},"url":"https:\/\/thebasie.org\/es\/author\/jvena\/"}]}},"_links":{"self":[{"href":"https:\/\/thebasie.org\/es\/wp-json\/wp\/v2\/posts\/4294","targetHints":{"allow":["GET"]}}],"collection":[{"href":"https:\/\/thebasie.org\/es\/wp-json\/wp\/v2\/posts"}],"about":[{"href":"https:\/\/thebasie.org\/es\/wp-json\/wp\/v2\/types\/post"}],"author":[{"embeddable":true,"href":"https:\/\/thebasie.org\/es\/wp-json\/wp\/v2\/users\/3"}],"replies":[{"embeddable":true,"href":"https:\/\/thebasie.org\/es\/wp-json\/wp\/v2\/comments?post=4294"}],"version-history":[{"count":0,"href":"https:\/\/thebasie.org\/es\/wp-json\/wp\/v2\/posts\/4294\/revisions"}],"wp:attachment":[{"href":"https:\/\/thebasie.org\/es\/wp-json\/wp\/v2\/media?parent=4294"}],"wp:term":[{"taxonomy":"category","embeddable":true,"href":"https:\/\/thebasie.org\/es\/wp-json\/wp\/v2\/categories?post=4294"},{"taxonomy":"post_tag","embeddable":true,"href":"https:\/\/thebasie.org\/es\/wp-json\/wp\/v2\/tags?post=4294"}],"curies":[{"name":"Gracias","href":"https:\/\/api.w.org\/{rel}","templated":true}]}}