{"id":32482,"date":"2025-05-06T10:02:15","date_gmt":"2025-05-06T14:02:15","guid":{"rendered":"https:\/\/thebasie.org\/?p=32482"},"modified":"2025-05-06T10:06:14","modified_gmt":"2025-05-06T14:06:14","slug":"michelle-williams-de-destinys-childs-hablara-sobre-salud-mental-y-bienestar-en-el-vogel","status":"publish","type":"post","link":"https:\/\/thebasie.org\/es\/michelle-williams-de-destinys-childs-hablara-sobre-salud-mental-y-bienestar-en-el-vogel\/","title":{"rendered":"Michelle Williams, de Destiny&#039;s Child, hablar\u00e1 sobre salud mental y bienestar en The Vogel"},"content":{"rendered":"<p style=\"text-align: center;\"><strong><span style=\"font-size: 14pt;\"><em><br \/>\n<\/em><\/span><\/strong><span style=\"font-size: 18pt;\"><em>Evento gratuito, patrocinado por Bank of America, se llevar\u00e1 a cabo el 2 de junio<\/em><\/span><\/p>\n<p style=\"text-align: left;\"><strong><img loading=\"lazy\" decoding=\"async\" class=\"alignleft wp-image-32487\" src=\"https:\/\/thebasie.org\/wp-content\/uploads\/2025\/05\/2025-06-02-Community-Conversation-with-Michelle-Williams-VOGEL-PREVIEW.jpg\" alt=\"Michelle Williams\" width=\"435\" height=\"343\" srcset=\"https:\/\/thebasie.org\/wp-content\/uploads\/2025\/05\/2025-06-02-Community-Conversation-with-Michelle-Williams-VOGEL-PREVIEW.jpg 435w, https:\/\/thebasie.org\/wp-content\/uploads\/2025\/05\/2025-06-02-Community-Conversation-with-Michelle-Williams-VOGEL-PREVIEW-300x237.jpg 300w, https:\/\/thebasie.org\/wp-content\/uploads\/2025\/05\/2025-06-02-Community-Conversation-with-Michelle-Williams-VOGEL-PREVIEW-15x12.jpg 15w\" sizes=\"auto, (max-width: 435px) 100vw, 435px\" \/>(RED BANK | 6 DE MAYO DE 2025)<\/strong>\u00a0 <strong>El Centro Count Basie para las Artes<\/strong>\u00a0se enorgullece de presentar\u00a0<strong><em>Una conversaci\u00f3n comunitaria con Michelle Williams<\/em><\/strong>\u00a0el lunes 2 de junio de 2025 a las 19 horas en\u00a0<strong>The Vogel<\/strong>La velada ser\u00e1 una conversaci\u00f3n sincera sobre la salud mental y una mirada sincera a los desaf\u00edos que rodean la depresi\u00f3n y la ansiedad.\u00a0<strong>Banco de America\u00a0<\/strong>patrocina el evento. Organizaciones que brindan asistencia en salud mental en la comunidad tambi\u00e9n estar\u00e1n presentes para hablar sobre los recursos que ofrecen.<\/p>\n<p>Entradas para<em>\u00a0<strong>Una conversaci\u00f3n comunitaria con Michelle Williams<\/strong><\/em>\u00a0son gratis con registro <a href=\"https:\/\/forms.office.com\/r\/tqrYv4R30N\">aqu\u00ed<\/a>, la taquilla del Basie Center y por tel\u00e9fono al 732-842-9000.<\/p>\n<p style=\"text-align: left;\">Williams irrumpi\u00f3 en la escena mundial como miembro de Destiny&#039;s Child, uno de los grupos discogr\u00e1ficos m\u00e1s exitosos de todos los tiempos. Su historia \u2014de chica del Medio Oeste a miembro galardonada y de gira de uno de los grupos m\u00e1s grandes de todos los tiempos, y finalmente a su lucha contra la depresi\u00f3n\u2014 ha inspirado a miles de personas a seguir sus pasiones, brind\u00e1ndoles consejos y lecciones clave que pueden guiarlas hacia el \u00e9xito personal y profesional.<\/p>\n<p>En 2022, Williams public\u00f3 una revista llamada\u00a0<a href=\"https:\/\/www.amazon.com\/Daily-Check-Journey-Strength-Wholeness\/dp\/1400223393\/ref=sr_1_1?crid=12HMFPI2WK5CM&amp;dib=eyJ2IjoiMSJ9.yRFTmBRHH7zqWHoTVIgSxA.W7SB49rc6bQD79dwqDkGlEzBwXcF0JwzCfBpXpkIYdE&amp;dib_tag=se&amp;keywords=The+Daily+Check-In:+A+60-Day+Journey+to+Finding+Your+Strength,+Faith,+and+Wholeness!&amp;qid=1743780296&amp;sprefix=the+daily+check-in+a+60-day+journey+to+finding+your+strength,+faith,+and+wholeness+,aps,171&amp;sr=8-1\"><em>El registro diario: Un viaje de 60 d\u00edas para encontrar tu fuerza, fe y plenitud [amazon.com]<\/em><\/a>En este diario guiado de sesenta d\u00edas, Williams gu\u00eda a los lectores en el proceso de identificar los pensamientos, emociones y comportamientos que los hacen sentir abrumados, insatisfechos y solos. Con su singular combinaci\u00f3n de sabidur\u00eda tierna, a veces humor\u00edstica y a menudo inspiradora, Williams muestra a los lectores c\u00f3mo superar circunstancias y relaciones dif\u00edciles con una honestidad y una conexi\u00f3n vivificantes.<\/p>\n<p>En 2024, Michelle regres\u00f3 a los escenarios como Viola Van Horn en la adaptaci\u00f3n musical de Broadway de &quot;La Muerte le Sienta Bien&quot;, basada en el cl\u00e1sico de culto de 1992. En 2018, Williams se reuni\u00f3 con Beyonc\u00e9 Knowles-Carter y Kelly Rowland para una esperada actuaci\u00f3n de reencuentro de Destiny&#039;s Child durante los dos fines de semana del Festival de M\u00fasica y Artes del Valle de Coachella. Tambi\u00e9n ha grabado cuatro \u00e1lbumes aclamados por la cr\u00edtica como solista, incluyendo\u00a0<em>Viaje a la libertad<\/em>, cuya canci\u00f3n &quot;Say Yes&quot; obtuvo el disco de oro. En 2019, tras llegar a la semifinal, Michelle se revel\u00f3 como &quot;Butterfly&quot; en el programa de televisi\u00f3n de FOX clasificado #1,\u00a0<em>El cantante enmascarado \u2013\u00a0<\/em>Se convirti\u00f3 en la primera estrella en participar en las versiones estadounidense y brit\u00e1nica de la popular serie. Recientemente, protagoniz\u00f3 una pel\u00edcula original de Lifetime.\u00a0<em>Ira: Una historia de los siete pecados capitales<\/em>.<\/p>\n<p>\u201cLa franqueza, la fuerza y la vulnerabilidad de Michelle son un don excepcional\u201d, dijo\u00a0<strong>Adam Philipson, presidente y director ejecutivo del Centro de Artes Count Basie<\/strong>Su disposici\u00f3n a compartir sus propias luchas con la salud mental crea un espacio para que otros hagan lo mismo, y ese es exactamente el tipo de impacto que esperamos tener con nuestras Conversaciones Comunitarias.<\/p>\n<p>El Centro Basie\u00a0<strong><em>Conversaciones comunitarias<\/em><\/strong>\u00a0Esta serie refuerza el compromiso de la organizaci\u00f3n con eventos que promueven debates importantes que impactan a la comunidad. Eventos anteriores han abordado la censura comunitaria, la libertad de expresi\u00f3n y el racismo.<\/p>\n<p>\u201cHablar de salud mental nunca ha sido m\u00e1s importante\u201d, dijo\u00a0<strong>Alberto Garofalo, presidente, Bank of America Nueva Jersey<\/strong>Nueva Jersey tiene la fortuna de contar con el Centro Count Basie, no solo por su excelencia art\u00edstica, sino tambi\u00e9n por su compromiso con la comunidad y por fomentar el di\u00e1logo sobre salud mental. Esperamos con ansias recibir a Michelle Williams en Red Bank este verano para una significativa conversaci\u00f3n comunitaria sobre salud y bienestar mental.<\/p>\n<p>Para obtener m\u00e1s informaci\u00f3n sobre este evento, visite\u00a0<a href=\"https:\/\/thebasie.org\/es\/eventos-8-2\/michelle-williams\/\">www.thebasie.org<\/a>.<\/p>","protected":false},"excerpt":{"rendered":"<p>Evento gratuito, patrocinado por Bank of America, el 2 de junio (RED BANK | 6 DE MAYO DE 2025). El Centro de Artes Count Basie se enorgullece de presentar una conversaci\u00f3n comunitaria con Michelle Williams el lunes 2 de junio de 2025 a las 19:00 h en The Vogel. La velada ser\u00e1 una conversaci\u00f3n sincera sobre salud mental y una mirada sincera a [\u2026]<\/p>","protected":false},"author":3,"featured_media":0,"comment_status":"closed","ping_status":"closed","sticky":false,"template":"","format":"standard","meta":{"_acf_changed":false,"footnotes":""},"categories":[1],"tags":[],"class_list":["post-32482","post","type-post","status-publish","format-standard","hentry","category-uncategorized"],"acf":[],"yoast_head":"<!-- This site is optimized with the Yoast SEO Premium plugin v26.7 (Yoast SEO v26.7) - https:\/\/yoast.com\/wordpress\/plugins\/seo\/ -->\n<title>Destiny&#039;s Child&#039;s Michelle Williams set to talk mental health, wellness at The Vogel - Count Basie Center for the Arts<\/title>\n<meta name=\"robots\" content=\"index, follow, max-snippet:-1, max-image-preview:large, max-video-preview:-1\" \/>\n<link rel=\"canonical\" href=\"https:\/\/thebasie.org\/es\/michelle-williams-de-destinys-childs-hablara-sobre-salud-mental-y-bienestar-en-el-vogel\/\" \/>\n<meta property=\"og:locale\" content=\"es_MX\" \/>\n<meta property=\"og:type\" content=\"article\" \/>\n<meta property=\"og:title\" content=\"Destiny&#039;s Child&#039;s Michelle Williams set to talk mental health, wellness at The Vogel\" \/>\n<meta property=\"og:description\" content=\"Free event, sponsored by Bank of America, takes place June 2 (RED BANK | MAY 6 2025)\u00a0 The Count Basie Center for the Arts\u00a0is proud to present\u00a0A Community Conversation with Michelle Williams\u00a0on Monday June 2, 2025 at 7pm at\u00a0The Vogel. The evening will be a heartfelt conversation about mental health and a candid look at [&hellip;]\" \/>\n<meta property=\"og:url\" content=\"https:\/\/thebasie.org\/es\/michelle-williams-de-destinys-childs-hablara-sobre-salud-mental-y-bienestar-en-el-vogel\/\" \/>\n<meta property=\"og:site_name\" content=\"Count Basie Center for the Arts\" \/>\n<meta property=\"article:publisher\" content=\"http:\/\/www.facebook.com\/basiecenter\" \/>\n<meta property=\"article:published_time\" content=\"2025-05-06T14:02:15+00:00\" \/>\n<meta property=\"article:modified_time\" content=\"2025-05-06T14:06:14+00:00\" \/>\n<meta property=\"og:image\" content=\"https:\/\/thebasie.org\/wp-content\/uploads\/2025\/05\/2025-06-02-Community-Concersation-with-Michelle-Williams-VOGEL-EVENT.jpg\" \/>\n\t<meta property=\"og:image:width\" content=\"1920\" \/>\n\t<meta property=\"og:image:height\" content=\"1080\" \/>\n\t<meta property=\"og:image:type\" content=\"image\/jpeg\" \/>\n<meta name=\"author\" content=\"jvena\" \/>\n<meta name=\"twitter:card\" content=\"summary_large_image\" \/>\n<meta name=\"twitter:creator\" content=\"@basiecenter\" \/>\n<meta name=\"twitter:site\" content=\"@basiecenter\" \/>\n<meta name=\"twitter:label1\" content=\"Escrito por\" \/>\n\t<meta name=\"twitter:data1\" content=\"jvena\" \/>\n\t<meta name=\"twitter:label2\" content=\"Tiempo de lectura\" \/>\n\t<meta name=\"twitter:data2\" content=\"3 minutos\" \/>\n<script type=\"application\/ld+json\" class=\"yoast-schema-graph\">{\"@context\":\"https:\/\/schema.org\",\"@graph\":[{\"@type\":\"Article\",\"@id\":\"https:\/\/thebasie.org\/destinys-childs-michelle-williams-set-to-talk-mental-health-wellness-at-the-vogel\/#article\",\"isPartOf\":{\"@id\":\"https:\/\/thebasie.org\/destinys-childs-michelle-williams-set-to-talk-mental-health-wellness-at-the-vogel\/\"},\"author\":{\"name\":\"jvena\",\"@id\":\"https:\/\/thebasie.org\/#\/schema\/person\/7029277d2ac1350529c2ebe4bdf7f3d6\"},\"headline\":\"Destiny&#8217;s Child&#8217;s Michelle Williams set to talk mental health, wellness at The Vogel\",\"datePublished\":\"2025-05-06T14:02:15+00:00\",\"dateModified\":\"2025-05-06T14:06:14+00:00\",\"mainEntityOfPage\":{\"@id\":\"https:\/\/thebasie.org\/destinys-childs-michelle-williams-set-to-talk-mental-health-wellness-at-the-vogel\/\"},\"wordCount\":586,\"image\":{\"@id\":\"https:\/\/thebasie.org\/destinys-childs-michelle-williams-set-to-talk-mental-health-wellness-at-the-vogel\/#primaryimage\"},\"thumbnailUrl\":\"https:\/\/thebasie.org\/wp-content\/uploads\/2025\/05\/2025-06-02-Community-Conversation-with-Michelle-Williams-VOGEL-PREVIEW.jpg\",\"articleSection\":[\"Uncategorized\"],\"inLanguage\":\"es\"},{\"@type\":\"WebPage\",\"@id\":\"https:\/\/thebasie.org\/destinys-childs-michelle-williams-set-to-talk-mental-health-wellness-at-the-vogel\/\",\"url\":\"https:\/\/thebasie.org\/destinys-childs-michelle-williams-set-to-talk-mental-health-wellness-at-the-vogel\/\",\"name\":\"Destiny's Child's Michelle Williams set to talk mental health, wellness at The Vogel - Count Basie Center for the Arts\",\"isPartOf\":{\"@id\":\"https:\/\/thebasie.org\/#website\"},\"primaryImageOfPage\":{\"@id\":\"https:\/\/thebasie.org\/destinys-childs-michelle-williams-set-to-talk-mental-health-wellness-at-the-vogel\/#primaryimage\"},\"image\":{\"@id\":\"https:\/\/thebasie.org\/destinys-childs-michelle-williams-set-to-talk-mental-health-wellness-at-the-vogel\/#primaryimage\"},\"thumbnailUrl\":\"https:\/\/thebasie.org\/wp-content\/uploads\/2025\/05\/2025-06-02-Community-Conversation-with-Michelle-Williams-VOGEL-PREVIEW.jpg\",\"datePublished\":\"2025-05-06T14:02:15+00:00\",\"dateModified\":\"2025-05-06T14:06:14+00:00\",\"author\":{\"@id\":\"https:\/\/thebasie.org\/#\/schema\/person\/7029277d2ac1350529c2ebe4bdf7f3d6\"},\"breadcrumb\":{\"@id\":\"https:\/\/thebasie.org\/destinys-childs-michelle-williams-set-to-talk-mental-health-wellness-at-the-vogel\/#breadcrumb\"},\"inLanguage\":\"es\",\"potentialAction\":[{\"@type\":\"ReadAction\",\"target\":[\"https:\/\/thebasie.org\/destinys-childs-michelle-williams-set-to-talk-mental-health-wellness-at-the-vogel\/\"]}]},{\"@type\":\"ImageObject\",\"inLanguage\":\"es\",\"@id\":\"https:\/\/thebasie.org\/destinys-childs-michelle-williams-set-to-talk-mental-health-wellness-at-the-vogel\/#primaryimage\",\"url\":\"https:\/\/thebasie.org\/wp-content\/uploads\/2025\/05\/2025-06-02-Community-Conversation-with-Michelle-Williams-VOGEL-PREVIEW.jpg\",\"contentUrl\":\"https:\/\/thebasie.org\/wp-content\/uploads\/2025\/05\/2025-06-02-Community-Conversation-with-Michelle-Williams-VOGEL-PREVIEW.jpg\"},{\"@type\":\"BreadcrumbList\",\"@id\":\"https:\/\/thebasie.org\/destinys-childs-michelle-williams-set-to-talk-mental-health-wellness-at-the-vogel\/#breadcrumb\",\"itemListElement\":[{\"@type\":\"ListItem\",\"position\":1,\"name\":\"Home\",\"item\":\"https:\/\/thebasie.org\/\"},{\"@type\":\"ListItem\",\"position\":2,\"name\":\"Destiny&#8217;s Child&#8217;s Michelle Williams set to talk mental health, wellness at The Vogel\"}]},{\"@type\":\"WebSite\",\"@id\":\"https:\/\/thebasie.org\/#website\",\"url\":\"https:\/\/thebasie.org\/\",\"name\":\"Count Basie Center for the Arts\",\"description\":\"Count Basie Center for the Arts\",\"potentialAction\":[{\"@type\":\"SearchAction\",\"target\":{\"@type\":\"EntryPoint\",\"urlTemplate\":\"https:\/\/thebasie.org\/?s={search_term_string}\"},\"query-input\":{\"@type\":\"PropertyValueSpecification\",\"valueRequired\":true,\"valueName\":\"search_term_string\"}}],\"inLanguage\":\"es\"},{\"@type\":\"Person\",\"@id\":\"https:\/\/thebasie.org\/#\/schema\/person\/7029277d2ac1350529c2ebe4bdf7f3d6\",\"name\":\"jvena\",\"image\":{\"@type\":\"ImageObject\",\"inLanguage\":\"es\",\"@id\":\"https:\/\/thebasie.org\/#\/schema\/person\/image\/\",\"url\":\"https:\/\/secure.gravatar.com\/avatar\/f61e47bb1d86722cf651dfed84f9861f410f97239667c088850bd202d7767b29?s=96&d=mm&r=g\",\"contentUrl\":\"https:\/\/secure.gravatar.com\/avatar\/f61e47bb1d86722cf651dfed84f9861f410f97239667c088850bd202d7767b29?s=96&d=mm&r=g\",\"caption\":\"jvena\"},\"url\":\"https:\/\/thebasie.org\/es\/author\/jvena\/\"}]}<\/script>\n<!-- \/ Yoast SEO Premium plugin. -->","yoast_head_json":{"title":"Michelle Williams, de Destiny&#039;s Child, hablar\u00e1 sobre salud mental y bienestar en The Vogel - Count Basie Center for the Arts","robots":{"index":"index","follow":"follow","max-snippet":"max-snippet:-1","max-image-preview":"max-image-preview:large","max-video-preview":"max-video-preview:-1"},"canonical":"https:\/\/thebasie.org\/es\/michelle-williams-de-destinys-childs-hablara-sobre-salud-mental-y-bienestar-en-el-vogel\/","og_locale":"es_MX","og_type":"article","og_title":"Destiny's Child's Michelle Williams set to talk mental health, wellness at The Vogel","og_description":"Free event, sponsored by Bank of America, takes place June 2 (RED BANK | MAY 6 2025)\u00a0 The Count Basie Center for the Arts\u00a0is proud to present\u00a0A Community Conversation with Michelle Williams\u00a0on Monday June 2, 2025 at 7pm at\u00a0The Vogel. The evening will be a heartfelt conversation about mental health and a candid look at [&hellip;]","og_url":"https:\/\/thebasie.org\/es\/michelle-williams-de-destinys-childs-hablara-sobre-salud-mental-y-bienestar-en-el-vogel\/","og_site_name":"Count Basie Center for the Arts","article_publisher":"http:\/\/www.facebook.com\/basiecenter","article_published_time":"2025-05-06T14:02:15+00:00","article_modified_time":"2025-05-06T14:06:14+00:00","og_image":[{"width":1920,"height":1080,"url":"https:\/\/thebasie.org\/wp-content\/uploads\/2025\/05\/2025-06-02-Community-Concersation-with-Michelle-Williams-VOGEL-EVENT.jpg","type":"image\/jpeg"}],"author":"jvena","twitter_card":"summary_large_image","twitter_creator":"@basiecenter","twitter_site":"@basiecenter","twitter_misc":{"Escrito por":"jvena","Tiempo de lectura":"3 minutos"},"schema":{"@context":"https:\/\/schema.org","@graph":[{"@type":"Article","@id":"https:\/\/thebasie.org\/destinys-childs-michelle-williams-set-to-talk-mental-health-wellness-at-the-vogel\/#article","isPartOf":{"@id":"https:\/\/thebasie.org\/destinys-childs-michelle-williams-set-to-talk-mental-health-wellness-at-the-vogel\/"},"author":{"name":"jvena","@id":"https:\/\/thebasie.org\/#\/schema\/person\/7029277d2ac1350529c2ebe4bdf7f3d6"},"headline":"Destiny&#8217;s Child&#8217;s Michelle Williams set to talk mental health, wellness at The Vogel","datePublished":"2025-05-06T14:02:15+00:00","dateModified":"2025-05-06T14:06:14+00:00","mainEntityOfPage":{"@id":"https:\/\/thebasie.org\/destinys-childs-michelle-williams-set-to-talk-mental-health-wellness-at-the-vogel\/"},"wordCount":586,"image":{"@id":"https:\/\/thebasie.org\/destinys-childs-michelle-williams-set-to-talk-mental-health-wellness-at-the-vogel\/#primaryimage"},"thumbnailUrl":"https:\/\/thebasie.org\/wp-content\/uploads\/2025\/05\/2025-06-02-Community-Conversation-with-Michelle-Williams-VOGEL-PREVIEW.jpg","articleSection":["Uncategorized"],"inLanguage":"es"},{"@type":"WebPage","@id":"https:\/\/thebasie.org\/destinys-childs-michelle-williams-set-to-talk-mental-health-wellness-at-the-vogel\/","url":"https:\/\/thebasie.org\/destinys-childs-michelle-williams-set-to-talk-mental-health-wellness-at-the-vogel\/","name":"Michelle Williams, de Destiny&#039;s Child, hablar\u00e1 sobre salud mental y bienestar en The Vogel - Count Basie Center for the Arts","isPartOf":{"@id":"https:\/\/thebasie.org\/#website"},"primaryImageOfPage":{"@id":"https:\/\/thebasie.org\/destinys-childs-michelle-williams-set-to-talk-mental-health-wellness-at-the-vogel\/#primaryimage"},"image":{"@id":"https:\/\/thebasie.org\/destinys-childs-michelle-williams-set-to-talk-mental-health-wellness-at-the-vogel\/#primaryimage"},"thumbnailUrl":"https:\/\/thebasie.org\/wp-content\/uploads\/2025\/05\/2025-06-02-Community-Conversation-with-Michelle-Williams-VOGEL-PREVIEW.jpg","datePublished":"2025-05-06T14:02:15+00:00","dateModified":"2025-05-06T14:06:14+00:00","author":{"@id":"https:\/\/thebasie.org\/#\/schema\/person\/7029277d2ac1350529c2ebe4bdf7f3d6"},"breadcrumb":{"@id":"https:\/\/thebasie.org\/destinys-childs-michelle-williams-set-to-talk-mental-health-wellness-at-the-vogel\/#breadcrumb"},"inLanguage":"es","potentialAction":[{"@type":"ReadAction","target":["https:\/\/thebasie.org\/destinys-childs-michelle-williams-set-to-talk-mental-health-wellness-at-the-vogel\/"]}]},{"@type":"ImageObject","inLanguage":"es","@id":"https:\/\/thebasie.org\/destinys-childs-michelle-williams-set-to-talk-mental-health-wellness-at-the-vogel\/#primaryimage","url":"https:\/\/thebasie.org\/wp-content\/uploads\/2025\/05\/2025-06-02-Community-Conversation-with-Michelle-Williams-VOGEL-PREVIEW.jpg","contentUrl":"https:\/\/thebasie.org\/wp-content\/uploads\/2025\/05\/2025-06-02-Community-Conversation-with-Michelle-Williams-VOGEL-PREVIEW.jpg"},{"@type":"BreadcrumbList","@id":"https:\/\/thebasie.org\/destinys-childs-michelle-williams-set-to-talk-mental-health-wellness-at-the-vogel\/#breadcrumb","itemListElement":[{"@type":"ListItem","position":1,"name":"Home","item":"https:\/\/thebasie.org\/"},{"@type":"ListItem","position":2,"name":"Destiny&#8217;s Child&#8217;s Michelle Williams set to talk mental health, wellness at The Vogel"}]},{"@type":"WebSite","@id":"https:\/\/thebasie.org\/#website","url":"https:\/\/thebasie.org\/","name":"Count Basie Center for the Arts","description":"Count Basie Center for the Arts","potentialAction":[{"@type":"SearchAction","target":{"@type":"EntryPoint","urlTemplate":"https:\/\/thebasie.org\/?s={search_term_string}"},"query-input":{"@type":"PropertyValueSpecification","valueRequired":true,"valueName":"search_term_string"}}],"inLanguage":"es"},{"@type":"Person","@id":"https:\/\/thebasie.org\/#\/schema\/person\/7029277d2ac1350529c2ebe4bdf7f3d6","name":"jvena","image":{"@type":"ImageObject","inLanguage":"es","@id":"https:\/\/thebasie.org\/#\/schema\/person\/image\/","url":"https:\/\/secure.gravatar.com\/avatar\/f61e47bb1d86722cf651dfed84f9861f410f97239667c088850bd202d7767b29?s=96&d=mm&r=g","contentUrl":"https:\/\/secure.gravatar.com\/avatar\/f61e47bb1d86722cf651dfed84f9861f410f97239667c088850bd202d7767b29?s=96&d=mm&r=g","caption":"jvena"},"url":"https:\/\/thebasie.org\/es\/author\/jvena\/"}]}},"_links":{"self":[{"href":"https:\/\/thebasie.org\/es\/wp-json\/wp\/v2\/posts\/32482","targetHints":{"allow":["GET"]}}],"collection":[{"href":"https:\/\/thebasie.org\/es\/wp-json\/wp\/v2\/posts"}],"about":[{"href":"https:\/\/thebasie.org\/es\/wp-json\/wp\/v2\/types\/post"}],"author":[{"embeddable":true,"href":"https:\/\/thebasie.org\/es\/wp-json\/wp\/v2\/users\/3"}],"replies":[{"embeddable":true,"href":"https:\/\/thebasie.org\/es\/wp-json\/wp\/v2\/comments?post=32482"}],"version-history":[{"count":0,"href":"https:\/\/thebasie.org\/es\/wp-json\/wp\/v2\/posts\/32482\/revisions"}],"wp:attachment":[{"href":"https:\/\/thebasie.org\/es\/wp-json\/wp\/v2\/media?parent=32482"}],"wp:term":[{"taxonomy":"category","embeddable":true,"href":"https:\/\/thebasie.org\/es\/wp-json\/wp\/v2\/categories?post=32482"},{"taxonomy":"post_tag","embeddable":true,"href":"https:\/\/thebasie.org\/es\/wp-json\/wp\/v2\/tags?post=32482"}],"curies":[{"name":"Gracias","href":"https:\/\/api.w.org\/{rel}","templated":true}]}}