{"id":28345,"date":"2024-03-25T20:32:21","date_gmt":"2024-03-26T00:32:21","guid":{"rendered":"https:\/\/thebasie.org\/?p=28345"},"modified":"2024-03-25T20:37:41","modified_gmt":"2024-03-26T00:37:41","slug":"escuche-el-nuevo-album-de-pearl-jam-dark-matter-por-primera-vez-en-el-vogel","status":"publish","type":"post","link":"https:\/\/thebasie.org\/es\/escuche-el-nuevo-album-de-pearl-jam-dark-matter-por-primera-vez-en-el-vogel\/","title":{"rendered":"Escuche por primera vez el nuevo \u00e1lbum de Pearl Jam, &#039;Dark Matter&#039;, en The Vogel"},"content":{"rendered":"<p>&nbsp;<\/p>\n<p><img loading=\"lazy\" decoding=\"async\" class=\"alignleft wp-image-28278\" src=\"https:\/\/thebasie.org\/wp-content\/uploads\/2024\/03\/2024-04-16-Pearl-Jam-VOGEL-PREVIEW.jpg\" alt=\"Pearl Jam - Materia Oscura\" width=\"361\" height=\"285\" srcset=\"https:\/\/thebasie.org\/wp-content\/uploads\/2024\/03\/2024-04-16-Pearl-Jam-VOGEL-PREVIEW.jpg 435w, https:\/\/thebasie.org\/wp-content\/uploads\/2024\/03\/2024-04-16-Pearl-Jam-VOGEL-PREVIEW-300x237.jpg 300w, https:\/\/thebasie.org\/wp-content\/uploads\/2024\/03\/2024-04-16-Pearl-Jam-VOGEL-PREVIEW-15x12.jpg 15w\" sizes=\"auto, (max-width: 361px) 100vw, 361px\" \/>Con una experiencia teatral global especial de una sola noche, los fan\u00e1ticos de Pearl Jam estar\u00e1n entre los primeros en escuchar el nuevo disco de la banda, Dark Matter, el 16 de abril en cines selectos de todo el mundo con \u201cDark Matter in The Dark\u201d.<\/p>\n<p>A nivel local, la presentaci\u00f3n se realizar\u00e1 en The Vogel, en el campus del Centro para las Artes Count Basie, 99 Monmouth Street, Red Bank. <a href=\"http:\/\/With a special, one night only global theatrical experience Pearl Jam fans will be among the very first to hear the band\u2019s new record Dark Matter on April 16 in select cinemas around the world with \u201cDark Matter in The Dark.\u201d Locally, the presentation will be featured at The Vogel, on the campus of the Count Basie Center for the Arts, 99 Monmouth Street, Red Bank. Tickets are limited, and on sale now at theBASIE.org and Ticketmaster. Presented with the best cinematic technology, in Atmos where available, fans at the global cinema event will hear Dark Matter in its entirety twice, before it\u2019s available anywhere! First in a dark cinema with just the music playing and then a second time experiencing the record with added visuals on screen during playback. A musical experience set to be unlike any other record premiere event. APRIL 16, 2024 7:30PM THE VOGEL 99 Monmouth Street, Red Bank Tickets: https:\/\/thebasie.org\/events\/pearl-jam-dark-matter-global-theatrical-experience-one-night-only\/\">Los boletos son limitados y ya est\u00e1n a la venta en theBASIE.org y Ticketmaster.<\/a><\/p>\n<p>Presentado con la mejor tecnolog\u00eda cinematogr\u00e1fica, en Atmos donde est\u00e9 disponible, los fan\u00e1ticos del evento cinematogr\u00e1fico global escuchar\u00e1n Dark Matter en su totalidad dos veces, \u00a1antes de que est\u00e9 disponible en cualquier lugar! Primero en un cine oscuro con solo la m\u00fasica sonando y luego, por segunda vez, experimentando el disco con im\u00e1genes adicionales en la pantalla durante la reproducci\u00f3n. Una experiencia musical que no se parecer\u00e1 a ning\u00fan otro evento de estreno discogr\u00e1fico.<\/p>\n<p>Dark Matter est\u00e1 producido por Andrew Watt, quien ha producido discos de Ozzy Osbourne, Post Malone, Miley Cyrus e Iggy Pop.<\/p>\n<p>&quot;Est\u00e1 la melod\u00eda y la energ\u00eda de los primeros discos&quot;, dijo recientemente el guitarrista Mike McCready. <a href=\"https:\/\/www.loudersound.com\/features\/pearl-jam-mike-mccready-interview\">Loudersound.com<\/a>, haciendo referencia a los hitos de su banda. <em>Diez<\/em> y <em>vs.<\/em> \u00e1lbumes. \u201cTrabajamos con Andrew Watt, que es un tipo de productor pop m\u00e1s joven, pero en realidad es un tipo de rock en el fondo; creo que somos su banda favorita. Cuando estuvimos en el estudio con \u00e9l el a\u00f1o pasado, realmente nos pate\u00f3 el trasero, nos concentr\u00f3 y toc\u00f3 canci\u00f3n tras canci\u00f3n. Tom\u00f3 mucho tiempo hacer <em>Gigatonelada<\/em>, pero este nuevo no tard\u00f3 mucho. Andrew dijo: &#039;Ustedes tardan una eternidad en hacer discos&#039;. Hagamos esto ahora mismo&#039;\u201d.<\/p>\n<p>\u201cPara bien o para mal, escuchar\u00e1n mucho m\u00e1s mi guitarra solista, cosas que no he hecho en mucho tiempo\u201d, continu\u00f3. \u201cMe volv\u00ed loco, como con Chris Cornell y Temple of the Dog en &#039;Reach Down&#039;, hace tantos a\u00f1os. Tengo que hacerlo de nuevo. Generalmente, la primera o segunda toma son las mejores. Despu\u00e9s de eso, empiezo a pensar en ello y no tengo la sensaci\u00f3n. Pero Andrew atrap\u00f3 el rayo en una botella, como dicen\u201d.<\/p>\n<p><strong>16 DE ABRIL DE 2024<\/strong><br \/>\n<strong>7:30 PM<\/strong><br \/>\n<strong>EL VOGEL<\/strong><br \/>\n<strong>99 Monmouth Street, Banco Rojo<\/strong><\/p>","protected":false},"excerpt":{"rendered":"<p>&nbsp; Con una experiencia teatral global especial de una sola noche, los fan\u00e1ticos de Pearl Jam estar\u00e1n entre los primeros en escuchar el nuevo disco de la banda, Dark Matter, el 16 de abril en cines selectos de todo el mundo con \u201cDark Matter in The Dark\u201d. A nivel local, la presentaci\u00f3n se realizar\u00e1 en The Vogel, en el campus de [\u2026]<\/p>","protected":false},"author":3,"featured_media":0,"comment_status":"closed","ping_status":"closed","sticky":false,"template":"","format":"standard","meta":{"_acf_changed":false,"footnotes":""},"categories":[1],"tags":[],"class_list":["post-28345","post","type-post","status-publish","format-standard","hentry","category-uncategorized"],"acf":[],"yoast_head":"<!-- This site is optimized with the Yoast SEO Premium plugin v26.7 (Yoast SEO v26.7) - https:\/\/yoast.com\/wordpress\/plugins\/seo\/ -->\n<title>Hear Pearl Jam&#039;s new album &#039;Dark Matter&#039; first at The Vogel - Count Basie Center for the Arts<\/title>\n<meta name=\"robots\" content=\"index, follow, max-snippet:-1, max-image-preview:large, max-video-preview:-1\" \/>\n<link rel=\"canonical\" href=\"https:\/\/thebasie.org\/es\/escuche-el-nuevo-album-de-pearl-jam-dark-matter-por-primera-vez-en-el-vogel\/\" \/>\n<meta property=\"og:locale\" content=\"es_MX\" \/>\n<meta property=\"og:type\" content=\"article\" \/>\n<meta property=\"og:title\" content=\"Hear Pearl Jam&#039;s new album &#039;Dark Matter&#039; first at The Vogel\" \/>\n<meta property=\"og:description\" content=\"&nbsp; With a special, one night only global theatrical experience Pearl Jam fans will be among the very first to hear the band\u2019s new record Dark Matter on April 16 in select cinemas around the world with \u201cDark Matter in The Dark.\u201d Locally, the presentation will be featured at The Vogel, on the campus of [&hellip;]\" \/>\n<meta property=\"og:url\" content=\"https:\/\/thebasie.org\/es\/escuche-el-nuevo-album-de-pearl-jam-dark-matter-por-primera-vez-en-el-vogel\/\" \/>\n<meta property=\"og:site_name\" content=\"Count Basie Center for the Arts\" \/>\n<meta property=\"article:publisher\" content=\"http:\/\/www.facebook.com\/basiecenter\" \/>\n<meta property=\"article:published_time\" content=\"2024-03-26T00:32:21+00:00\" \/>\n<meta property=\"article:modified_time\" content=\"2024-03-26T00:37:41+00:00\" \/>\n<meta property=\"og:image\" content=\"https:\/\/thebasie.org\/wp-content\/uploads\/2024\/03\/2024-04-16-Pearl-Jam-VOGEL-FACEBOOK.jpg\" \/>\n\t<meta property=\"og:image:width\" content=\"1200\" \/>\n\t<meta property=\"og:image:height\" content=\"630\" \/>\n\t<meta property=\"og:image:type\" content=\"image\/jpeg\" \/>\n<meta name=\"author\" content=\"jvena\" \/>\n<meta name=\"twitter:card\" content=\"summary_large_image\" \/>\n<meta name=\"twitter:creator\" content=\"@basiecenter\" \/>\n<meta name=\"twitter:site\" content=\"@basiecenter\" \/>\n<meta name=\"twitter:label1\" content=\"Escrito por\" \/>\n\t<meta name=\"twitter:data1\" content=\"jvena\" \/>\n\t<meta name=\"twitter:label2\" content=\"Tiempo de lectura\" \/>\n\t<meta name=\"twitter:data2\" content=\"2 minutos\" \/>\n<script type=\"application\/ld+json\" class=\"yoast-schema-graph\">{\"@context\":\"https:\/\/schema.org\",\"@graph\":[{\"@type\":\"Article\",\"@id\":\"https:\/\/thebasie.org\/hear-pearl-jams-new-album-dark-matter-first-at-the-vogel\/#article\",\"isPartOf\":{\"@id\":\"https:\/\/thebasie.org\/hear-pearl-jams-new-album-dark-matter-first-at-the-vogel\/\"},\"author\":{\"name\":\"jvena\",\"@id\":\"https:\/\/thebasie.org\/#\/schema\/person\/7029277d2ac1350529c2ebe4bdf7f3d6\"},\"headline\":\"Hear Pearl Jam&#8217;s new album &#8216;Dark Matter&#8217; first at The Vogel\",\"datePublished\":\"2024-03-26T00:32:21+00:00\",\"dateModified\":\"2024-03-26T00:37:41+00:00\",\"mainEntityOfPage\":{\"@id\":\"https:\/\/thebasie.org\/hear-pearl-jams-new-album-dark-matter-first-at-the-vogel\/\"},\"wordCount\":381,\"image\":{\"@id\":\"https:\/\/thebasie.org\/hear-pearl-jams-new-album-dark-matter-first-at-the-vogel\/#primaryimage\"},\"thumbnailUrl\":\"https:\/\/thebasie.org\/wp-content\/uploads\/2024\/03\/2024-04-16-Pearl-Jam-VOGEL-PREVIEW.jpg\",\"articleSection\":[\"Uncategorized\"],\"inLanguage\":\"es\"},{\"@type\":\"WebPage\",\"@id\":\"https:\/\/thebasie.org\/hear-pearl-jams-new-album-dark-matter-first-at-the-vogel\/\",\"url\":\"https:\/\/thebasie.org\/hear-pearl-jams-new-album-dark-matter-first-at-the-vogel\/\",\"name\":\"Hear Pearl Jam's new album 'Dark Matter' first at The Vogel - Count Basie Center for the Arts\",\"isPartOf\":{\"@id\":\"https:\/\/thebasie.org\/#website\"},\"primaryImageOfPage\":{\"@id\":\"https:\/\/thebasie.org\/hear-pearl-jams-new-album-dark-matter-first-at-the-vogel\/#primaryimage\"},\"image\":{\"@id\":\"https:\/\/thebasie.org\/hear-pearl-jams-new-album-dark-matter-first-at-the-vogel\/#primaryimage\"},\"thumbnailUrl\":\"https:\/\/thebasie.org\/wp-content\/uploads\/2024\/03\/2024-04-16-Pearl-Jam-VOGEL-PREVIEW.jpg\",\"datePublished\":\"2024-03-26T00:32:21+00:00\",\"dateModified\":\"2024-03-26T00:37:41+00:00\",\"author\":{\"@id\":\"https:\/\/thebasie.org\/#\/schema\/person\/7029277d2ac1350529c2ebe4bdf7f3d6\"},\"breadcrumb\":{\"@id\":\"https:\/\/thebasie.org\/hear-pearl-jams-new-album-dark-matter-first-at-the-vogel\/#breadcrumb\"},\"inLanguage\":\"es\",\"potentialAction\":[{\"@type\":\"ReadAction\",\"target\":[\"https:\/\/thebasie.org\/hear-pearl-jams-new-album-dark-matter-first-at-the-vogel\/\"]}]},{\"@type\":\"ImageObject\",\"inLanguage\":\"es\",\"@id\":\"https:\/\/thebasie.org\/hear-pearl-jams-new-album-dark-matter-first-at-the-vogel\/#primaryimage\",\"url\":\"https:\/\/thebasie.org\/wp-content\/uploads\/2024\/03\/2024-04-16-Pearl-Jam-VOGEL-PREVIEW.jpg\",\"contentUrl\":\"https:\/\/thebasie.org\/wp-content\/uploads\/2024\/03\/2024-04-16-Pearl-Jam-VOGEL-PREVIEW.jpg\"},{\"@type\":\"BreadcrumbList\",\"@id\":\"https:\/\/thebasie.org\/hear-pearl-jams-new-album-dark-matter-first-at-the-vogel\/#breadcrumb\",\"itemListElement\":[{\"@type\":\"ListItem\",\"position\":1,\"name\":\"Home\",\"item\":\"https:\/\/thebasie.org\/\"},{\"@type\":\"ListItem\",\"position\":2,\"name\":\"Hear Pearl Jam&#8217;s new album &#8216;Dark Matter&#8217; first at The Vogel\"}]},{\"@type\":\"WebSite\",\"@id\":\"https:\/\/thebasie.org\/#website\",\"url\":\"https:\/\/thebasie.org\/\",\"name\":\"Count Basie Center for the Arts\",\"description\":\"Count Basie Center for the Arts\",\"potentialAction\":[{\"@type\":\"SearchAction\",\"target\":{\"@type\":\"EntryPoint\",\"urlTemplate\":\"https:\/\/thebasie.org\/?s={search_term_string}\"},\"query-input\":{\"@type\":\"PropertyValueSpecification\",\"valueRequired\":true,\"valueName\":\"search_term_string\"}}],\"inLanguage\":\"es\"},{\"@type\":\"Person\",\"@id\":\"https:\/\/thebasie.org\/#\/schema\/person\/7029277d2ac1350529c2ebe4bdf7f3d6\",\"name\":\"jvena\",\"image\":{\"@type\":\"ImageObject\",\"inLanguage\":\"es\",\"@id\":\"https:\/\/thebasie.org\/#\/schema\/person\/image\/\",\"url\":\"https:\/\/secure.gravatar.com\/avatar\/f61e47bb1d86722cf651dfed84f9861f410f97239667c088850bd202d7767b29?s=96&d=mm&r=g\",\"contentUrl\":\"https:\/\/secure.gravatar.com\/avatar\/f61e47bb1d86722cf651dfed84f9861f410f97239667c088850bd202d7767b29?s=96&d=mm&r=g\",\"caption\":\"jvena\"},\"url\":\"https:\/\/thebasie.org\/es\/author\/jvena\/\"}]}<\/script>\n<!-- \/ Yoast SEO Premium plugin. -->","yoast_head_json":{"title":"Escuche por primera vez el nuevo \u00e1lbum de Pearl Jam, &#039;Dark Matter&#039;, en The Vogel - Count Basie Center for the Arts","robots":{"index":"index","follow":"follow","max-snippet":"max-snippet:-1","max-image-preview":"max-image-preview:large","max-video-preview":"max-video-preview:-1"},"canonical":"https:\/\/thebasie.org\/es\/escuche-el-nuevo-album-de-pearl-jam-dark-matter-por-primera-vez-en-el-vogel\/","og_locale":"es_MX","og_type":"article","og_title":"Hear Pearl Jam's new album 'Dark Matter' first at The Vogel","og_description":"&nbsp; With a special, one night only global theatrical experience Pearl Jam fans will be among the very first to hear the band\u2019s new record Dark Matter on April 16 in select cinemas around the world with \u201cDark Matter in The Dark.\u201d Locally, the presentation will be featured at The Vogel, on the campus of [&hellip;]","og_url":"https:\/\/thebasie.org\/es\/escuche-el-nuevo-album-de-pearl-jam-dark-matter-por-primera-vez-en-el-vogel\/","og_site_name":"Count Basie Center for the Arts","article_publisher":"http:\/\/www.facebook.com\/basiecenter","article_published_time":"2024-03-26T00:32:21+00:00","article_modified_time":"2024-03-26T00:37:41+00:00","og_image":[{"width":1200,"height":630,"url":"https:\/\/thebasie.org\/wp-content\/uploads\/2024\/03\/2024-04-16-Pearl-Jam-VOGEL-FACEBOOK.jpg","type":"image\/jpeg"}],"author":"jvena","twitter_card":"summary_large_image","twitter_creator":"@basiecenter","twitter_site":"@basiecenter","twitter_misc":{"Escrito por":"jvena","Tiempo de lectura":"2 minutos"},"schema":{"@context":"https:\/\/schema.org","@graph":[{"@type":"Article","@id":"https:\/\/thebasie.org\/hear-pearl-jams-new-album-dark-matter-first-at-the-vogel\/#article","isPartOf":{"@id":"https:\/\/thebasie.org\/hear-pearl-jams-new-album-dark-matter-first-at-the-vogel\/"},"author":{"name":"jvena","@id":"https:\/\/thebasie.org\/#\/schema\/person\/7029277d2ac1350529c2ebe4bdf7f3d6"},"headline":"Hear Pearl Jam&#8217;s new album &#8216;Dark Matter&#8217; first at The Vogel","datePublished":"2024-03-26T00:32:21+00:00","dateModified":"2024-03-26T00:37:41+00:00","mainEntityOfPage":{"@id":"https:\/\/thebasie.org\/hear-pearl-jams-new-album-dark-matter-first-at-the-vogel\/"},"wordCount":381,"image":{"@id":"https:\/\/thebasie.org\/hear-pearl-jams-new-album-dark-matter-first-at-the-vogel\/#primaryimage"},"thumbnailUrl":"https:\/\/thebasie.org\/wp-content\/uploads\/2024\/03\/2024-04-16-Pearl-Jam-VOGEL-PREVIEW.jpg","articleSection":["Uncategorized"],"inLanguage":"es"},{"@type":"WebPage","@id":"https:\/\/thebasie.org\/hear-pearl-jams-new-album-dark-matter-first-at-the-vogel\/","url":"https:\/\/thebasie.org\/hear-pearl-jams-new-album-dark-matter-first-at-the-vogel\/","name":"Escuche por primera vez el nuevo \u00e1lbum de Pearl Jam, &#039;Dark Matter&#039;, en The Vogel - Count Basie Center for the Arts","isPartOf":{"@id":"https:\/\/thebasie.org\/#website"},"primaryImageOfPage":{"@id":"https:\/\/thebasie.org\/hear-pearl-jams-new-album-dark-matter-first-at-the-vogel\/#primaryimage"},"image":{"@id":"https:\/\/thebasie.org\/hear-pearl-jams-new-album-dark-matter-first-at-the-vogel\/#primaryimage"},"thumbnailUrl":"https:\/\/thebasie.org\/wp-content\/uploads\/2024\/03\/2024-04-16-Pearl-Jam-VOGEL-PREVIEW.jpg","datePublished":"2024-03-26T00:32:21+00:00","dateModified":"2024-03-26T00:37:41+00:00","author":{"@id":"https:\/\/thebasie.org\/#\/schema\/person\/7029277d2ac1350529c2ebe4bdf7f3d6"},"breadcrumb":{"@id":"https:\/\/thebasie.org\/hear-pearl-jams-new-album-dark-matter-first-at-the-vogel\/#breadcrumb"},"inLanguage":"es","potentialAction":[{"@type":"ReadAction","target":["https:\/\/thebasie.org\/hear-pearl-jams-new-album-dark-matter-first-at-the-vogel\/"]}]},{"@type":"ImageObject","inLanguage":"es","@id":"https:\/\/thebasie.org\/hear-pearl-jams-new-album-dark-matter-first-at-the-vogel\/#primaryimage","url":"https:\/\/thebasie.org\/wp-content\/uploads\/2024\/03\/2024-04-16-Pearl-Jam-VOGEL-PREVIEW.jpg","contentUrl":"https:\/\/thebasie.org\/wp-content\/uploads\/2024\/03\/2024-04-16-Pearl-Jam-VOGEL-PREVIEW.jpg"},{"@type":"BreadcrumbList","@id":"https:\/\/thebasie.org\/hear-pearl-jams-new-album-dark-matter-first-at-the-vogel\/#breadcrumb","itemListElement":[{"@type":"ListItem","position":1,"name":"Home","item":"https:\/\/thebasie.org\/"},{"@type":"ListItem","position":2,"name":"Hear Pearl Jam&#8217;s new album &#8216;Dark Matter&#8217; first at The Vogel"}]},{"@type":"WebSite","@id":"https:\/\/thebasie.org\/#website","url":"https:\/\/thebasie.org\/","name":"Count Basie Center for the Arts","description":"Count Basie Center for the Arts","potentialAction":[{"@type":"SearchAction","target":{"@type":"EntryPoint","urlTemplate":"https:\/\/thebasie.org\/?s={search_term_string}"},"query-input":{"@type":"PropertyValueSpecification","valueRequired":true,"valueName":"search_term_string"}}],"inLanguage":"es"},{"@type":"Person","@id":"https:\/\/thebasie.org\/#\/schema\/person\/7029277d2ac1350529c2ebe4bdf7f3d6","name":"jvena","image":{"@type":"ImageObject","inLanguage":"es","@id":"https:\/\/thebasie.org\/#\/schema\/person\/image\/","url":"https:\/\/secure.gravatar.com\/avatar\/f61e47bb1d86722cf651dfed84f9861f410f97239667c088850bd202d7767b29?s=96&d=mm&r=g","contentUrl":"https:\/\/secure.gravatar.com\/avatar\/f61e47bb1d86722cf651dfed84f9861f410f97239667c088850bd202d7767b29?s=96&d=mm&r=g","caption":"jvena"},"url":"https:\/\/thebasie.org\/es\/author\/jvena\/"}]}},"_links":{"self":[{"href":"https:\/\/thebasie.org\/es\/wp-json\/wp\/v2\/posts\/28345","targetHints":{"allow":["GET"]}}],"collection":[{"href":"https:\/\/thebasie.org\/es\/wp-json\/wp\/v2\/posts"}],"about":[{"href":"https:\/\/thebasie.org\/es\/wp-json\/wp\/v2\/types\/post"}],"author":[{"embeddable":true,"href":"https:\/\/thebasie.org\/es\/wp-json\/wp\/v2\/users\/3"}],"replies":[{"embeddable":true,"href":"https:\/\/thebasie.org\/es\/wp-json\/wp\/v2\/comments?post=28345"}],"version-history":[{"count":0,"href":"https:\/\/thebasie.org\/es\/wp-json\/wp\/v2\/posts\/28345\/revisions"}],"wp:attachment":[{"href":"https:\/\/thebasie.org\/es\/wp-json\/wp\/v2\/media?parent=28345"}],"wp:term":[{"taxonomy":"category","embeddable":true,"href":"https:\/\/thebasie.org\/es\/wp-json\/wp\/v2\/categories?post=28345"},{"taxonomy":"post_tag","embeddable":true,"href":"https:\/\/thebasie.org\/es\/wp-json\/wp\/v2\/tags?post=28345"}],"curies":[{"name":"Gracias","href":"https:\/\/api.w.org\/{rel}","templated":true}]}}