{"id":1488,"date":"2016-11-11T11:55:31","date_gmt":"2016-11-11T16:55:31","guid":{"rendered":"https:\/\/thebasie.org\/?p=1488"},"modified":"2017-06-02T13:16:35","modified_gmt":"2017-06-02T17:16:35","slug":"basie-jay-linda-grunin-foundation-94-3-point-unir-fuerzas-dando-martes","status":"publish","type":"post","link":"https:\/\/thebasie.org\/es\/basie-jay-linda-grunin-foundation-94-3-point-unir-fuerzas-dando-martes\/","title":{"rendered":"THE BASIE, LA FUNDACI\u00d3N JAY Y LINDA GRUNIN y 94.3 THE POINT UNEN FUERZAS PARA &#039;GIVING TUESDAY&#039;"},"content":{"rendered":"<p>&nbsp;<\/p>\n<p><strong>(21 DE NOVIEMBRE DE 2016 \u2013 BANCO ROJO)<\/strong> \u201cGiving Tuesday\u201d, fundado en 2012 por la YMCA de la calle 92 de la ciudad de Nueva York y la Fundaci\u00f3n de las Naciones Unidas, fue originalmente una \u201crespuesta al comercialismo y el consumismo\u201d durante la temporada navide\u00f1a.<\/p>\n<p>Desde entonces se ha convertido en un d\u00eda internacional de donaciones.<\/p>\n<p>El pr\u00f3ximo martes 29 de noviembre, el Count Basie Theatre, una organizaci\u00f3n sin fines de lucro, unir\u00e1 fuerzas con 94.3 The Point y The Jay and Linda Grunin Foundation para recaudar fondos tanto para la programaci\u00f3n sensorial del teatro como para los Servicios de Autismo de POAC.<\/p>\n<p>&quot;Llegar a todos los p\u00fablicos con el m\u00e1s alto nivel de las artes esc\u00e9nicas es parte de nuestra misi\u00f3n sin fines de lucro&quot;, dijo Adam Philipson, director ejecutivo y presidente del hist\u00f3rico Count Basie Theatre. &quot;Nos esforzamos por ser inclusivos y crear experiencias sin barreras y estos programas apoyar\u00e1n a nuestros invitados y familias con necesidades especiales, incluido el trastorno del espectro autista&quot;.<\/p>\n<p>\u201cGiving Tuesday\u201d en el Basie comenzar\u00e1 a las 5:30 am, con una transmisi\u00f3n de todo el d\u00eda desde 94.3 The Point \/ WJLK-FM Radio. Se invitar\u00e1 a los oyentes a pasar y hacer donaciones en persona, o a hacer donaciones a trav\u00e9s de theBASIE.org.<br \/>\nAdem\u00e1s, la Fundaci\u00f3n Jay y Linda Grunin, con sede en Jersey Shore, que utiliza la filantrop\u00eda para aumentar la actividad ciudadana y las oportunidades de desarrollo econ\u00f3mico a trav\u00e9s de las artes, la atenci\u00f3n m\u00e9dica y la educaci\u00f3n, ha acordado generosamente igualar todas las donaciones hasta $25,000.<\/p>\n<p>&quot;La Fundaci\u00f3n Jay y Linda Grunin se enorgullece de poder trabajar con un gran socio sin fines de lucro como el Teatro Count Basie&quot;, dijo el director ejecutivo y miembro de la junta directiva de Basie, Jeremy Grunin. &quot;La capacidad de apoyar a los Servicios de Autismo de POAC en su misi\u00f3n, junto con mostrar a\u00fan m\u00e1s el poder de las artes a trav\u00e9s de Basie, era un esfuerzo demasiado poderoso como para ignorarlo&quot;.<\/p>\n<p>Las organizaciones tambi\u00e9n utilizar\u00e1n el esfuerzo del d\u00eda y la transmisi\u00f3n de radio para recaudar fondos para POAC Autism Services of Brick. $2 de cada entrada del Count Basie Theatre vendida el 29 de noviembre se donar\u00e1 al grupo, una organizaci\u00f3n sin fines de lucro dedicada a ayudar a ni\u00f1os y adultos con autismo a alcanzar su m\u00e1ximo potencial brindando educaci\u00f3n, apoyo y recreaci\u00f3n de calidad sin costo para los participantes.<\/p>\n<p>A principios de este a\u00f1o, el equipo de Basie trabaj\u00f3 con POAC para capacitar al personal antes de la primera presentaci\u00f3n sensorial del teatro en el escenario principal.<\/p>\n<p>&quot;POAC est\u00e1 muy emocionado de participar en la programaci\u00f3n sensorial del Count Basie Theatre y sus esfuerzos de recaudaci\u00f3n de fondos en Giving Tuesday&quot;, dijo Simone Tellini, directora de desarrollo de programas de POAC. \u201cLos ni\u00f1os y adultos en el espectro del autismo (TEA) a menudo tienen problemas sensoriales que les dificultan participar y disfrutar de actividades comunitarias, especialmente aquellas que involucran las artes. Estas actividades son esenciales, especialmente para los ni\u00f1os, y vitales para su crecimiento en muchos sentidos.<\/p>\n<p>\u201cEn febrero pasado\u201d, continu\u00f3 Tellini, \u201cel Basie brind\u00f3 un espect\u00e1culo maravilloso que, para muchos ni\u00f1os, fue su primera experiencia con el teatro en vivo. La gerencia y el personal hicieron todo lo posible para que todos se sintieran c\u00f3modos y aceptados. Aplaudimos el compromiso de Count Basie con nuestras familias y esperamos futuros eventos y programas\u201d.<\/p>\n<p>La transmisi\u00f3n en vivo de \u201cGiving Tuesday\u201d contar\u00e1 con actuaciones de estudiantes del Jazz Arts Project de la Count Basie Theatre Performing Arts Academy, Rockit! y Voces conjunto vocal. Adem\u00e1s, los miembros del elenco de la ONCE, ganadora del premio Tony\u00a9, que tocar\u00e1n esa noche en el escenario de Basie, saldr\u00e1n al aire para interpretar el \u00e9xito caracter\u00edstico del musical, \u201cFalling Slowly\u201d.<\/p>","protected":false},"excerpt":{"rendered":"<p>&nbsp; (21 DE NOVIEMBRE DE 2016 \u2013 RED BANK) \u201cGiving Tuesday\u201d, fundado en 2012 por el YMCA de la calle 92 de la ciudad de Nueva York y la Fundaci\u00f3n de las Naciones Unidas, fue originalmente una \u201crespuesta al comercialismo y el consumismo\u201d durante la temporada navide\u00f1a. Desde entonces se ha convertido en un d\u00eda internacional de donaciones. El pr\u00f3ximo martes 29 de noviembre, la organizaci\u00f3n sin fines de lucro Count Basie Theatre [\u2026]<\/p>","protected":false},"author":3,"featured_media":0,"comment_status":"closed","ping_status":"closed","sticky":false,"template":"","format":"standard","meta":{"_acf_changed":false,"footnotes":""},"categories":[1],"tags":[],"class_list":["post-1488","post","type-post","status-publish","format-standard","hentry","category-uncategorized"],"acf":[],"yoast_head":"<!-- This site is optimized with the Yoast SEO Premium plugin v26.7 (Yoast SEO v26.7) - https:\/\/yoast.com\/wordpress\/plugins\/seo\/ -->\n<title>THE BASIE, THE JAY AND LINDA GRUNIN FOUNDATION and 94.3 THE POINT JOIN FORCES FOR \u2018GIVING TUESDAY\u2019 - Count Basie Center for the Arts<\/title>\n<meta name=\"robots\" content=\"index, follow, max-snippet:-1, max-image-preview:large, max-video-preview:-1\" \/>\n<link rel=\"canonical\" href=\"https:\/\/thebasie.org\/es\/basie-jay-linda-grunin-foundation-94-3-point-unir-fuerzas-dando-martes\/\" \/>\n<meta property=\"og:locale\" content=\"es_MX\" \/>\n<meta property=\"og:type\" content=\"article\" \/>\n<meta property=\"og:title\" content=\"THE BASIE, THE JAY AND LINDA GRUNIN FOUNDATION and 94.3 THE POINT JOIN FORCES FOR \u2018GIVING TUESDAY\u2019\" \/>\n<meta property=\"og:description\" content=\"&nbsp; (NOVEMBER 21, 2016 &#8211; RED BANK) \u201cGiving Tuesday,\u201d founded in 2012 by New York City\u2019s 92nd St. YMCA and the United Nations Foundation, was originally a \u201cresponse to commercialism and consumerism\u201d during the holiday season. It has since turned into an international day of giving. Next Tuesday, Nov. 29, the nonprofit Count Basie Theatre [&hellip;]\" \/>\n<meta property=\"og:url\" content=\"https:\/\/thebasie.org\/es\/basie-jay-linda-grunin-foundation-94-3-point-unir-fuerzas-dando-martes\/\" \/>\n<meta property=\"og:site_name\" content=\"Count Basie Center for the Arts\" \/>\n<meta property=\"article:publisher\" content=\"http:\/\/www.facebook.com\/basiecenter\" \/>\n<meta property=\"article:published_time\" content=\"2016-11-11T16:55:31+00:00\" \/>\n<meta property=\"article:modified_time\" content=\"2017-06-02T17:16:35+00:00\" \/>\n<meta name=\"author\" content=\"jvena\" \/>\n<meta name=\"twitter:card\" content=\"summary_large_image\" \/>\n<meta name=\"twitter:creator\" content=\"@basiecenter\" \/>\n<meta name=\"twitter:site\" content=\"@basiecenter\" \/>\n<meta name=\"twitter:label1\" content=\"Escrito por\" \/>\n\t<meta name=\"twitter:data1\" content=\"jvena\" \/>\n\t<meta name=\"twitter:label2\" content=\"Tiempo de lectura\" \/>\n\t<meta name=\"twitter:data2\" content=\"3 minutos\" \/>\n<script type=\"application\/ld+json\" class=\"yoast-schema-graph\">{\"@context\":\"https:\/\/schema.org\",\"@graph\":[{\"@type\":\"Article\",\"@id\":\"https:\/\/thebasie.org\/basie-jay-linda-grunin-foundation-94-3-point-join-forces-giving-tuesday\/#article\",\"isPartOf\":{\"@id\":\"https:\/\/thebasie.org\/basie-jay-linda-grunin-foundation-94-3-point-join-forces-giving-tuesday\/\"},\"author\":{\"name\":\"jvena\",\"@id\":\"https:\/\/thebasie.org\/#\/schema\/person\/7029277d2ac1350529c2ebe4bdf7f3d6\"},\"headline\":\"THE BASIE, THE JAY AND LINDA GRUNIN FOUNDATION and 94.3 THE POINT JOIN FORCES FOR \u2018GIVING TUESDAY\u2019\",\"datePublished\":\"2016-11-11T16:55:31+00:00\",\"dateModified\":\"2017-06-02T17:16:35+00:00\",\"mainEntityOfPage\":{\"@id\":\"https:\/\/thebasie.org\/basie-jay-linda-grunin-foundation-94-3-point-join-forces-giving-tuesday\/\"},\"wordCount\":555,\"articleSection\":[\"Uncategorized\"],\"inLanguage\":\"es\"},{\"@type\":\"WebPage\",\"@id\":\"https:\/\/thebasie.org\/basie-jay-linda-grunin-foundation-94-3-point-join-forces-giving-tuesday\/\",\"url\":\"https:\/\/thebasie.org\/basie-jay-linda-grunin-foundation-94-3-point-join-forces-giving-tuesday\/\",\"name\":\"THE BASIE, THE JAY AND LINDA GRUNIN FOUNDATION and 94.3 THE POINT JOIN FORCES FOR \u2018GIVING TUESDAY\u2019 - Count Basie Center for the Arts\",\"isPartOf\":{\"@id\":\"https:\/\/thebasie.org\/#website\"},\"datePublished\":\"2016-11-11T16:55:31+00:00\",\"dateModified\":\"2017-06-02T17:16:35+00:00\",\"author\":{\"@id\":\"https:\/\/thebasie.org\/#\/schema\/person\/7029277d2ac1350529c2ebe4bdf7f3d6\"},\"breadcrumb\":{\"@id\":\"https:\/\/thebasie.org\/basie-jay-linda-grunin-foundation-94-3-point-join-forces-giving-tuesday\/#breadcrumb\"},\"inLanguage\":\"es\",\"potentialAction\":[{\"@type\":\"ReadAction\",\"target\":[\"https:\/\/thebasie.org\/basie-jay-linda-grunin-foundation-94-3-point-join-forces-giving-tuesday\/\"]}]},{\"@type\":\"BreadcrumbList\",\"@id\":\"https:\/\/thebasie.org\/basie-jay-linda-grunin-foundation-94-3-point-join-forces-giving-tuesday\/#breadcrumb\",\"itemListElement\":[{\"@type\":\"ListItem\",\"position\":1,\"name\":\"Home\",\"item\":\"https:\/\/thebasie.org\/\"},{\"@type\":\"ListItem\",\"position\":2,\"name\":\"THE BASIE, THE JAY AND LINDA GRUNIN FOUNDATION and 94.3 THE POINT JOIN FORCES FOR \u2018GIVING TUESDAY\u2019\"}]},{\"@type\":\"WebSite\",\"@id\":\"https:\/\/thebasie.org\/#website\",\"url\":\"https:\/\/thebasie.org\/\",\"name\":\"Count Basie Center for the Arts\",\"description\":\"Count Basie Center for the Arts\",\"potentialAction\":[{\"@type\":\"SearchAction\",\"target\":{\"@type\":\"EntryPoint\",\"urlTemplate\":\"https:\/\/thebasie.org\/?s={search_term_string}\"},\"query-input\":{\"@type\":\"PropertyValueSpecification\",\"valueRequired\":true,\"valueName\":\"search_term_string\"}}],\"inLanguage\":\"es\"},{\"@type\":\"Person\",\"@id\":\"https:\/\/thebasie.org\/#\/schema\/person\/7029277d2ac1350529c2ebe4bdf7f3d6\",\"name\":\"jvena\",\"image\":{\"@type\":\"ImageObject\",\"inLanguage\":\"es\",\"@id\":\"https:\/\/thebasie.org\/#\/schema\/person\/image\/\",\"url\":\"https:\/\/secure.gravatar.com\/avatar\/f61e47bb1d86722cf651dfed84f9861f410f97239667c088850bd202d7767b29?s=96&d=mm&r=g\",\"contentUrl\":\"https:\/\/secure.gravatar.com\/avatar\/f61e47bb1d86722cf651dfed84f9861f410f97239667c088850bd202d7767b29?s=96&d=mm&r=g\",\"caption\":\"jvena\"},\"url\":\"https:\/\/thebasie.org\/es\/author\/jvena\/\"}]}<\/script>\n<!-- \/ Yoast SEO Premium plugin. -->","yoast_head_json":{"title":"THE BASIE, LA FUNDACI\u00d3N JAY Y LINDA GRUNIN y 94.3 THE POINT UNEN FUERZAS PARA &#039;GIVING TUESDAY&#039; - Count Basie Center for the Arts","robots":{"index":"index","follow":"follow","max-snippet":"max-snippet:-1","max-image-preview":"max-image-preview:large","max-video-preview":"max-video-preview:-1"},"canonical":"https:\/\/thebasie.org\/es\/basie-jay-linda-grunin-foundation-94-3-point-unir-fuerzas-dando-martes\/","og_locale":"es_MX","og_type":"article","og_title":"THE BASIE, THE JAY AND LINDA GRUNIN FOUNDATION and 94.3 THE POINT JOIN FORCES FOR \u2018GIVING TUESDAY\u2019","og_description":"&nbsp; (NOVEMBER 21, 2016 &#8211; RED BANK) \u201cGiving Tuesday,\u201d founded in 2012 by New York City\u2019s 92nd St. YMCA and the United Nations Foundation, was originally a \u201cresponse to commercialism and consumerism\u201d during the holiday season. It has since turned into an international day of giving. Next Tuesday, Nov. 29, the nonprofit Count Basie Theatre [&hellip;]","og_url":"https:\/\/thebasie.org\/es\/basie-jay-linda-grunin-foundation-94-3-point-unir-fuerzas-dando-martes\/","og_site_name":"Count Basie Center for the Arts","article_publisher":"http:\/\/www.facebook.com\/basiecenter","article_published_time":"2016-11-11T16:55:31+00:00","article_modified_time":"2017-06-02T17:16:35+00:00","author":"jvena","twitter_card":"summary_large_image","twitter_creator":"@basiecenter","twitter_site":"@basiecenter","twitter_misc":{"Escrito por":"jvena","Tiempo de lectura":"3 minutos"},"schema":{"@context":"https:\/\/schema.org","@graph":[{"@type":"Article","@id":"https:\/\/thebasie.org\/basie-jay-linda-grunin-foundation-94-3-point-join-forces-giving-tuesday\/#article","isPartOf":{"@id":"https:\/\/thebasie.org\/basie-jay-linda-grunin-foundation-94-3-point-join-forces-giving-tuesday\/"},"author":{"name":"jvena","@id":"https:\/\/thebasie.org\/#\/schema\/person\/7029277d2ac1350529c2ebe4bdf7f3d6"},"headline":"THE BASIE, THE JAY AND LINDA GRUNIN FOUNDATION and 94.3 THE POINT JOIN FORCES FOR \u2018GIVING TUESDAY\u2019","datePublished":"2016-11-11T16:55:31+00:00","dateModified":"2017-06-02T17:16:35+00:00","mainEntityOfPage":{"@id":"https:\/\/thebasie.org\/basie-jay-linda-grunin-foundation-94-3-point-join-forces-giving-tuesday\/"},"wordCount":555,"articleSection":["Uncategorized"],"inLanguage":"es"},{"@type":"WebPage","@id":"https:\/\/thebasie.org\/basie-jay-linda-grunin-foundation-94-3-point-join-forces-giving-tuesday\/","url":"https:\/\/thebasie.org\/basie-jay-linda-grunin-foundation-94-3-point-join-forces-giving-tuesday\/","name":"THE BASIE, LA FUNDACI\u00d3N JAY Y LINDA GRUNIN y 94.3 THE POINT UNEN FUERZAS PARA &#039;GIVING TUESDAY&#039; - Count Basie Center for the Arts","isPartOf":{"@id":"https:\/\/thebasie.org\/#website"},"datePublished":"2016-11-11T16:55:31+00:00","dateModified":"2017-06-02T17:16:35+00:00","author":{"@id":"https:\/\/thebasie.org\/#\/schema\/person\/7029277d2ac1350529c2ebe4bdf7f3d6"},"breadcrumb":{"@id":"https:\/\/thebasie.org\/basie-jay-linda-grunin-foundation-94-3-point-join-forces-giving-tuesday\/#breadcrumb"},"inLanguage":"es","potentialAction":[{"@type":"ReadAction","target":["https:\/\/thebasie.org\/basie-jay-linda-grunin-foundation-94-3-point-join-forces-giving-tuesday\/"]}]},{"@type":"BreadcrumbList","@id":"https:\/\/thebasie.org\/basie-jay-linda-grunin-foundation-94-3-point-join-forces-giving-tuesday\/#breadcrumb","itemListElement":[{"@type":"ListItem","position":1,"name":"Home","item":"https:\/\/thebasie.org\/"},{"@type":"ListItem","position":2,"name":"THE BASIE, THE JAY AND LINDA GRUNIN FOUNDATION and 94.3 THE POINT JOIN FORCES FOR \u2018GIVING TUESDAY\u2019"}]},{"@type":"WebSite","@id":"https:\/\/thebasie.org\/#website","url":"https:\/\/thebasie.org\/","name":"Count Basie Center for the Arts","description":"Count Basie Center for the Arts","potentialAction":[{"@type":"SearchAction","target":{"@type":"EntryPoint","urlTemplate":"https:\/\/thebasie.org\/?s={search_term_string}"},"query-input":{"@type":"PropertyValueSpecification","valueRequired":true,"valueName":"search_term_string"}}],"inLanguage":"es"},{"@type":"Person","@id":"https:\/\/thebasie.org\/#\/schema\/person\/7029277d2ac1350529c2ebe4bdf7f3d6","name":"jvena","image":{"@type":"ImageObject","inLanguage":"es","@id":"https:\/\/thebasie.org\/#\/schema\/person\/image\/","url":"https:\/\/secure.gravatar.com\/avatar\/f61e47bb1d86722cf651dfed84f9861f410f97239667c088850bd202d7767b29?s=96&d=mm&r=g","contentUrl":"https:\/\/secure.gravatar.com\/avatar\/f61e47bb1d86722cf651dfed84f9861f410f97239667c088850bd202d7767b29?s=96&d=mm&r=g","caption":"jvena"},"url":"https:\/\/thebasie.org\/es\/author\/jvena\/"}]}},"_links":{"self":[{"href":"https:\/\/thebasie.org\/es\/wp-json\/wp\/v2\/posts\/1488","targetHints":{"allow":["GET"]}}],"collection":[{"href":"https:\/\/thebasie.org\/es\/wp-json\/wp\/v2\/posts"}],"about":[{"href":"https:\/\/thebasie.org\/es\/wp-json\/wp\/v2\/types\/post"}],"author":[{"embeddable":true,"href":"https:\/\/thebasie.org\/es\/wp-json\/wp\/v2\/users\/3"}],"replies":[{"embeddable":true,"href":"https:\/\/thebasie.org\/es\/wp-json\/wp\/v2\/comments?post=1488"}],"version-history":[{"count":0,"href":"https:\/\/thebasie.org\/es\/wp-json\/wp\/v2\/posts\/1488\/revisions"}],"wp:attachment":[{"href":"https:\/\/thebasie.org\/es\/wp-json\/wp\/v2\/media?parent=1488"}],"wp:term":[{"taxonomy":"category","embeddable":true,"href":"https:\/\/thebasie.org\/es\/wp-json\/wp\/v2\/categories?post=1488"},{"taxonomy":"post_tag","embeddable":true,"href":"https:\/\/thebasie.org\/es\/wp-json\/wp\/v2\/tags?post=1488"}],"curies":[{"name":"Gracias","href":"https:\/\/api.w.org\/{rel}","templated":true}]}}